{"id":7372,"date":"2019-07-10T11:02:06","date_gmt":"2019-07-10T16:02:06","guid":{"rendered":"http:\/\/fr.une-sen.org\/press\/?p=7372"},"modified":"2019-07-10T11:02:06","modified_gmt":"2019-07-10T16:02:06","slug":"communique-de-presse-pourquoi-livre-t-on-une-deuxieme-bataille-sur-les-plaines-dabraham","status":"publish","type":"post","link":"https:\/\/www.unesen.ca\/press\/?p=7372&amp;lang=fr","title":{"rendered":"Communiqu\u00e9 de presse \u2013 Pourquoi livre-t-on une deuxi\u00e8me bataille sur les Plaines d\u2019Abraham?"},"content":{"rendered":"<p style=\"text-align: center;\"><a href=\"http:\/\/www.une-sen.org\/press\/wp-content\/uploads\/2019\/07\/respect_quebec-4.jpg\"><img loading=\"lazy\" class=\"alignnone size-medium wp-image-7374\" src=\"http:\/\/www.une-sen.org\/press\/wp-content\/uploads\/2019\/07\/respect_quebec-4-300x200.jpg\" alt=\"\" width=\"300\" height=\"200\" srcset=\"https:\/\/www.unesen.ca\/press\/wp-content\/uploads\/2019\/07\/respect_quebec-4-300x200.jpg 300w, https:\/\/www.unesen.ca\/press\/wp-content\/uploads\/2019\/07\/respect_quebec-4-768x513.jpg 768w, https:\/\/www.unesen.ca\/press\/wp-content\/uploads\/2019\/07\/respect_quebec-4-1024x684.jpg 1024w, https:\/\/www.unesen.ca\/press\/wp-content\/uploads\/2019\/07\/respect_quebec-4.jpg 2048w\" sizes=\"(max-width: 300px) 100vw, 300px\" \/><\/a><\/p>\n<p>Ottawa \u2013 Par solidarit\u00e9 avec les membres du SEN qui sont en gr\u00e8ve, Kevin King, pr\u00e9sident national du Syndicat, sera sur la ligne de piquetage \u00e0 Qu\u00e9bec, le jeudi 11 juillet, de 7 h \u00e0 11 h.<\/p>\n<p>Depuis le mardi 25 juin \u00e0 minuit, les membres de la famille du SEN de la Commission des champs de bataille nationaux (CCBN) \u2013 section locale 10206 \u2013 situ\u00e9e \u00e0 Qu\u00e9bec, sont en gr\u00e8ve et sont toujours sur la ligne de piquetage alors qu\u2019une nouvelle convention collective est en cours de n\u00e9gociation.<\/p>\n<p>Nos membres ont la responsabilit\u00e9 de l\u2019accueil, de l\u2019animation et de l\u2019entretien g\u00e9n\u00e9ral des Plaines d\u2019Abraham, ainsi que de son mus\u00e9e. Les membres entament d\u00e9sormais leur 16e journ\u00e9e de gr\u00e8ve.<\/p>\n<p>Le Syndicat des employ\u00e9es et employ\u00e9s nationaux (SEN) appuie totalement cette mesure de gr\u00e8ve ainsi que les revendications.<\/p>\n<p>\u00ab Nos membres sont sans nouvelle convention collective depuis le 31 octobre 2017. Il est grand temps qu\u2019ils en aient une nouvelle pr\u00e9voyant des salaires \u00e9quitables, de bons avantages sociaux et du respect la part de leur employeur. Ces travailleuses et ces travailleurs exercent des fonctions importantes pour la pr\u00e9servation de l\u2019histoire du Canada. Le temps est venu pour le gouvernement f\u00e9d\u00e9ral d\u2019intervenir et de r\u00e9gler la situation \u00bb, a d\u00e9clar\u00e9 Kevin King \u00e0 l\u2019avance de sa visite.<\/p>\n<p><strong>Questions des m\u00e9dias<\/strong><br \/>\nAur\u00e9lie McDonald, agente de communications et de recherche (613-298-7892 ou <a href=\"mailto:aurelie.mcdonald@une-sen.org\" target=\"_blank\" rel=\"noopener noreferrer\">aurelie.mcdonald@une-sen.org<\/a>)<\/p>\n<p><strong>Restez branch\u00e9e\/branch\u00e9<\/strong><br \/>\nSuivez-nous sur Twitter : @UNE_SEN<\/p>\n","protected":false},"excerpt":{"rendered":"<p>Ottawa \u2013 Par solidarit\u00e9 avec les membres du SEN qui sont en gr\u00e8ve, Kevin King, pr\u00e9sident national du Syndicat, sera sur la ligne de piquetage \u00e0 Qu\u00e9bec, le jeudi 11 juillet, de 7 h \u00e0 11 h. Depuis le mardi 25 juin \u00e0 minuit, les membres de la famille du SEN de la Commission des &hellip; <\/p>\n<p class=\"link-more\"><a href=\"https:\/\/www.unesen.ca\/press\/?p=7372&#038;lang=fr\" class=\"more-link\">>><span class=\"screen-reader-text\"> &#8220;Communiqu\u00e9 de presse \u2013 Pourquoi livre-t-on une deuxi\u00e8me bataille sur les Plaines d\u2019Abraham?&#8221;<\/span><\/a><\/p>\n","protected":false},"author":6,"featured_media":0,"comment_status":"closed","ping_status":"open","sticky":false,"template":"","format":"standard","meta":{"_links_to":"","_links_to_target":""},"categories":[],"tags":[],"_links":{"self":[{"href":"https:\/\/www.unesen.ca\/press\/index.php?rest_route=\/wp\/v2\/posts\/7372"}],"collection":[{"href":"https:\/\/www.unesen.ca\/press\/index.php?rest_route=\/wp\/v2\/posts"}],"about":[{"href":"https:\/\/www.unesen.ca\/press\/index.php?rest_route=\/wp\/v2\/types\/post"}],"author":[{"embeddable":true,"href":"https:\/\/www.unesen.ca\/press\/index.php?rest_route=\/wp\/v2\/users\/6"}],"replies":[{"embeddable":true,"href":"https:\/\/www.unesen.ca\/press\/index.php?rest_route=%2Fwp%2Fv2%2Fcomments&post=7372"}],"version-history":[{"count":2,"href":"https:\/\/www.unesen.ca\/press\/index.php?rest_route=\/wp\/v2\/posts\/7372\/revisions"}],"predecessor-version":[{"id":7378,"href":"https:\/\/www.unesen.ca\/press\/index.php?rest_route=\/wp\/v2\/posts\/7372\/revisions\/7378"}],"wp:attachment":[{"href":"https:\/\/www.unesen.ca\/press\/index.php?rest_route=%2Fwp%2Fv2%2Fmedia&parent=7372"}],"wp:term":[{"taxonomy":"category","embeddable":true,"href":"https:\/\/www.unesen.ca\/press\/index.php?rest_route=%2Fwp%2Fv2%2Fcategories&post=7372"},{"taxonomy":"post_tag","embeddable":true,"href":"https:\/\/www.unesen.ca\/press\/index.php?rest_route=%2Fwp%2Fv2%2Ftags&post=7372"}],"curies":[{"name":"wp","href":"https:\/\/api.w.org\/{rel}","templated":true}]}}