{"id":7351,"date":"2019-07-08T14:27:15","date_gmt":"2019-07-08T19:27:15","guid":{"rendered":"http:\/\/fr.une-sen.org\/press\/?p=7351"},"modified":"2025-02-17T10:34:23","modified_gmt":"2025-02-17T15:34:23","slug":"appel-aux-dons-pour-la-section-locale-10206-du-sen","status":"publish","type":"post","link":"https:\/\/www.unesen.ca\/press\/?p=7351&amp;lang=fr","title":{"rendered":"Appel aux dons pour la section locale 10206 du SEN"},"content":{"rendered":"<p style=\"text-align: center;\"><a href=\"http:\/\/www.une-sen.org\/press\/wp-content\/uploads\/2019\/07\/respect_quebec-1.jpg\"><img loading=\"lazy\" class=\"alignnone size-medium wp-image-7353\" src=\"http:\/\/www.une-sen.org\/press\/wp-content\/uploads\/2019\/07\/respect_quebec-1-300x200.jpg\" alt=\"\" width=\"300\" height=\"200\" srcset=\"https:\/\/www.unesen.ca\/press\/wp-content\/uploads\/2019\/07\/respect_quebec-1-300x200.jpg 300w, https:\/\/www.unesen.ca\/press\/wp-content\/uploads\/2019\/07\/respect_quebec-1-768x513.jpg 768w, https:\/\/www.unesen.ca\/press\/wp-content\/uploads\/2019\/07\/respect_quebec-1-1024x684.jpg 1024w, https:\/\/www.unesen.ca\/press\/wp-content\/uploads\/2019\/07\/respect_quebec-1.jpg 2048w\" sizes=\"(max-width: 300px) 100vw, 300px\" \/><\/a><\/p>\n<p>Depuis le mardi 25 juin \u00e0 minuit, les travailleuses et les travailleurs de la Commission des champs de bataille nationaux (CCBN), situ\u00e9e \u00e0 la ville de Qu\u00e9bec, sont en gr\u00e8ve et sont toujours sur la ligne de piquetage alors qu&#8217;une nouvelle convention collective est en cours de n\u00e9gociation.<\/p>\n<p>Nos membres ont la responsabilit\u00e9 de l\u2019accueil, de l\u2019animation et de l\u2019entretien g\u00e9n\u00e9ral des Plaines d\u2019Abraham ainsi que de son mus\u00e9e.<\/p>\n<p>Le Syndicat des employ\u00e9es et employ\u00e9s nationaux (SEN) appuie totalement cette mesure de gr\u00e8ve, ainsi que les revendications de nos membres. Ils entament d\u00e9sormais leur 14e journ\u00e9e de gr\u00e8ve.<\/p>\n<p>Au nom des membres de la section locale 10206, je fais appel \u00e0 votre soutien financier et \u00e0 votre solidarit\u00e9.<\/p>\n<p><strong>Les dons en argent de la part des sections locales du SEN<\/strong> peuvent \u00eatre faits aupr\u00e8s du Bureau National du SEN. Veuillez pr\u00e9ciser le montant que vous souhaitez verser par courriel \u00e0 :<\/p>\n<ul>\n<li>Georges St-Jean<\/li>\n<li>Robert Vanasse<\/li>\n<li>Ce montant sera d\u00e9duit des cotisations syndicales vers\u00e9es \u00e0 votre section locale.<strong><br \/>\n<\/strong><\/li>\n<\/ul>\n<p><strong>Les dons en argent individuels<\/strong> peuvent \u00eatre faits \u00e0 l\u2019ordre de la \u00ab section locale 10206 \u00bb et envoy\u00e9s \u00e0 l\u2019adresse suivante :<\/p>\n<p>Section locale 10206<br \/>\nAFPC-Qu\u00e9bec<br \/>\n5050, boul. des Gradins, bureau 130<br \/>\nQu\u00e9bec (QC)<br \/>\nG2J 1P8<\/p>\n<p>Pour en savoir plus sur la gr\u00e8ve en cours, veuillez visiter la page Facebook\u00a0 <a href=\"https:\/\/www.facebook.com\/Jappuie-les-employ%C3%A9s-des-plaines-dAbraham-359849884687429\/?__tn__=HHH-R\" target=\"_blank\" rel=\"noopener noreferrer\"><em>J&#8217;appuie les employ\u00e9s des plaines d&#8217;Abraham<\/em><\/a> et <a href=\"https:\/\/www.facebook.com\/Union.NE.Syndicat.EN\/\" target=\"_blank\" rel=\"noopener noreferrer\">celle du SEN<\/a>.<\/p>\n<p>Merci de votre soutien et solidarit\u00e9,<\/p>\n<p>Kevin A. King<br \/>\nPr\u00e9sident national du SEN<\/p>\n","protected":false},"excerpt":{"rendered":"<p>Depuis le mardi 25 juin \u00e0 minuit, les travailleuses et les travailleurs de la Commission des champs de bataille nationaux (CCBN), situ\u00e9e \u00e0 la ville de Qu\u00e9bec, sont en gr\u00e8ve et sont toujours sur la ligne de piquetage alors qu&#8217;une nouvelle convention collective est en cours de n\u00e9gociation. Nos membres ont la responsabilit\u00e9 de l\u2019accueil, &hellip; <\/p>\n<p class=\"link-more\"><a href=\"https:\/\/www.unesen.ca\/press\/?p=7351&#038;lang=fr\" class=\"more-link\">>><span class=\"screen-reader-text\"> &#8220;Appel aux dons pour la section locale 10206 du SEN&#8221;<\/span><\/a><\/p>\n","protected":false},"author":6,"featured_media":0,"comment_status":"closed","ping_status":"open","sticky":false,"template":"","format":"standard","meta":{"_links_to":"","_links_to_target":""},"categories":[],"tags":[],"_links":{"self":[{"href":"https:\/\/www.unesen.ca\/press\/index.php?rest_route=\/wp\/v2\/posts\/7351"}],"collection":[{"href":"https:\/\/www.unesen.ca\/press\/index.php?rest_route=\/wp\/v2\/posts"}],"about":[{"href":"https:\/\/www.unesen.ca\/press\/index.php?rest_route=\/wp\/v2\/types\/post"}],"author":[{"embeddable":true,"href":"https:\/\/www.unesen.ca\/press\/index.php?rest_route=\/wp\/v2\/users\/6"}],"replies":[{"embeddable":true,"href":"https:\/\/www.unesen.ca\/press\/index.php?rest_route=%2Fwp%2Fv2%2Fcomments&post=7351"}],"version-history":[{"count":5,"href":"https:\/\/www.unesen.ca\/press\/index.php?rest_route=\/wp\/v2\/posts\/7351\/revisions"}],"predecessor-version":[{"id":12368,"href":"https:\/\/www.unesen.ca\/press\/index.php?rest_route=\/wp\/v2\/posts\/7351\/revisions\/12368"}],"wp:attachment":[{"href":"https:\/\/www.unesen.ca\/press\/index.php?rest_route=%2Fwp%2Fv2%2Fmedia&parent=7351"}],"wp:term":[{"taxonomy":"category","embeddable":true,"href":"https:\/\/www.unesen.ca\/press\/index.php?rest_route=%2Fwp%2Fv2%2Fcategories&post=7351"},{"taxonomy":"post_tag","embeddable":true,"href":"https:\/\/www.unesen.ca\/press\/index.php?rest_route=%2Fwp%2Fv2%2Ftags&post=7351"}],"curies":[{"name":"wp","href":"https:\/\/api.w.org\/{rel}","templated":true}]}}