{"id":735,"date":"2012-03-08T16:32:06","date_gmt":"2012-03-08T21:32:06","guid":{"rendered":"http:\/\/www.une-sen.org\/press\/?p=735"},"modified":"2014-02-25T19:05:19","modified_gmt":"2014-02-25T19:05:19","slug":"journee-internationale-de-la-femme","status":"publish","type":"post","link":"https:\/\/www.unesen.ca\/press\/?p=735&amp;lang=fr","title":{"rendered":"Journ\u00e9e internationale de la femme"},"content":{"rendered":"<p><img loading=\"lazy\" class=\"alignnone size-full wp-image-738\" title=\"INTLWOMEN_fr\" alt=\"\" src=\"http:\/\/www.une-sen.org\/press\/wp-content\/uploads\/2012\/03\/INTLWOMEN_fr.jpg\" width=\"541\" height=\"360\" srcset=\"https:\/\/www.unesen.ca\/press\/wp-content\/uploads\/2012\/03\/INTLWOMEN_fr.jpg 541w, https:\/\/www.unesen.ca\/press\/wp-content\/uploads\/2012\/03\/INTLWOMEN_fr-300x199.jpg 300w\" sizes=\"(max-width: 541px) 100vw, 541px\" \/><\/p>\n<p>C\u2019est la Journ\u00e9e internationale de la femme. Aujourd\u2019hui, nous profitons de l&#8217;occasion pour honorer et c\u00e9l\u00e9brer les r\u00e9ussites des femmes \u00e0 travers le monde. Cette ann\u00e9e, Condition f\u00e9minine Canada reconnait l\u2019importance du travail accompli par les femmes dans les r\u00e9gions rurales :<\/p>\n<blockquote><p><em>Les femmes et les filles contribuent \u00e0 la prosp\u00e9rit\u00e9 \u00e9conomique de ces r\u00e9gions gr\u00e2ce \u00e0 des projets innovateurs, comme des r\u00e9seaux d&#8217;affaires et de la formation dans les m\u00e9tiers traditionnellement masculins. Des initiatives visant \u00e0 permettre aux femmes et aux filles des r\u00e9gions rurales et \u00e9loign\u00e9es d&#8217;avoir acc\u00e8s au pouvoir sont aussi men\u00e9es aux quatre coins du pays.<\/em><\/p><\/blockquote>\n<p>Pour en savoir davantage au sujet du th\u00e8me, veuillez consulter le site web de\u00a0<a href=\"http:\/\/www.cfc-swc.gc.ca\/dates\/iwd-jif\/index-fra.html\">Condition f\u00e9minine Canada<\/a>.<\/p>\n<p>Nous vous invitons aussi \u00e0 consulter le site web d\u2019<a href=\"http:\/\/www.amnesty.org\/fr\/news\/women-s-day-taking-stand-women-middle-east-2012-03-02\">Amnesty International<\/a>. Ils demandent \u00e0 leurs sympathisantes et sympathisants d\u2019agir au nom de Nasrin Sotoudeh, une femme iranienne, consid\u00e9r\u00e9e comme \u00e9tant une prisonni\u00e8re d\u2019opinion.<\/p>\n","protected":false},"excerpt":{"rendered":"<p>C\u2019est la Journ\u00e9e internationale de la femme. Aujourd\u2019hui, nous profitons de l&#8217;occasion pour honorer et c\u00e9l\u00e9brer les r\u00e9ussites des femmes \u00e0 travers le monde. Cette ann\u00e9e, Condition f\u00e9minine Canada reconnait l\u2019importance du travail accompli par les femmes dans les r\u00e9gions rurales : Les femmes et les filles contribuent \u00e0 la prosp\u00e9rit\u00e9 \u00e9conomique de ces r\u00e9gions &hellip; <\/p>\n<p class=\"link-more\"><a href=\"https:\/\/www.unesen.ca\/press\/?p=735&#038;lang=fr\" class=\"more-link\">>><span class=\"screen-reader-text\"> &#8220;Journ\u00e9e internationale de la femme&#8221;<\/span><\/a><\/p>\n","protected":false},"author":3,"featured_media":0,"comment_status":"open","ping_status":"open","sticky":false,"template":"","format":"standard","meta":{"_links_to":"","_links_to_target":""},"categories":[],"tags":[],"_links":{"self":[{"href":"https:\/\/www.unesen.ca\/press\/index.php?rest_route=\/wp\/v2\/posts\/735"}],"collection":[{"href":"https:\/\/www.unesen.ca\/press\/index.php?rest_route=\/wp\/v2\/posts"}],"about":[{"href":"https:\/\/www.unesen.ca\/press\/index.php?rest_route=\/wp\/v2\/types\/post"}],"author":[{"embeddable":true,"href":"https:\/\/www.unesen.ca\/press\/index.php?rest_route=\/wp\/v2\/users\/3"}],"replies":[{"embeddable":true,"href":"https:\/\/www.unesen.ca\/press\/index.php?rest_route=%2Fwp%2Fv2%2Fcomments&post=735"}],"version-history":[{"count":1,"href":"https:\/\/www.unesen.ca\/press\/index.php?rest_route=\/wp\/v2\/posts\/735\/revisions"}],"predecessor-version":[{"id":3553,"href":"https:\/\/www.unesen.ca\/press\/index.php?rest_route=\/wp\/v2\/posts\/735\/revisions\/3553"}],"wp:attachment":[{"href":"https:\/\/www.unesen.ca\/press\/index.php?rest_route=%2Fwp%2Fv2%2Fmedia&parent=735"}],"wp:term":[{"taxonomy":"category","embeddable":true,"href":"https:\/\/www.unesen.ca\/press\/index.php?rest_route=%2Fwp%2Fv2%2Fcategories&post=735"},{"taxonomy":"post_tag","embeddable":true,"href":"https:\/\/www.unesen.ca\/press\/index.php?rest_route=%2Fwp%2Fv2%2Ftags&post=735"}],"curies":[{"name":"wp","href":"https:\/\/api.w.org\/{rel}","templated":true}]}}