{"id":7344,"date":"2019-07-08T10:59:33","date_gmt":"2019-07-08T15:59:33","guid":{"rendered":"http:\/\/fr.une-sen.org\/press\/?p=7344"},"modified":"2019-07-08T10:59:33","modified_gmt":"2019-07-08T15:59:33","slug":"pour-un-milieu-de-travail-sain-terrasses-de-la-chaudiere","status":"publish","type":"post","link":"https:\/\/www.unesen.ca\/press\/?p=7344&amp;lang=fr","title":{"rendered":"Pour un milieu de travail sain &#8211; Terrasses de la Chaudi\u00e8re"},"content":{"rendered":"<p><img loading=\"lazy\" class=\"alignnone size-full wp-image-7345\" src=\"http:\/\/www.une-sen.org\/press\/wp-content\/uploads\/2019\/07\/Chaudiere-1.png\" alt=\"\" width=\"1200\" height=\"750\" srcset=\"https:\/\/www.unesen.ca\/press\/wp-content\/uploads\/2019\/07\/Chaudiere-1.png 1200w, https:\/\/www.unesen.ca\/press\/wp-content\/uploads\/2019\/07\/Chaudiere-1-300x188.png 300w, https:\/\/www.unesen.ca\/press\/wp-content\/uploads\/2019\/07\/Chaudiere-1-768x480.png 768w, https:\/\/www.unesen.ca\/press\/wp-content\/uploads\/2019\/07\/Chaudiere-1-1024x640.png 1024w\" sizes=\"(max-width: 767px) 89vw, (max-width: 1000px) 54vw, (max-width: 1071px) 543px, 580px\" \/><\/p>\n<p>L&#8217;AFPC dans la RCN, en partenariat avec le\u00a0<a href=\"http:\/\/fr.une-sen.org\/index2.php\">SEN<\/a>, le\u00a0<a href=\"http:\/\/gsu-ssg.com\/fr\/\">SSG<\/a>,\u00a0<a href=\"http:\/\/www.ucte.ca\/?lang=fr\">l&#8217;UCET<\/a>, le\u00a0<a href=\"http:\/\/www.usje-sesj.com\/fr\">SESJ<\/a>\u00a0et\u00a0<a href=\"http:\/\/www.syndicatagr.com\/\">AGR<\/a>, fait campagne pour r\u00e9gler plusieurs probl\u00e8mes urgents de sant\u00e9 et s\u00e9curit\u00e9 aux Terrasses de la Chaudi\u00e8re. Dans le cadre de la premi\u00e8re phase de notre campagne,\u00a0<a href=\"https:\/\/mailchi.mp\/1be3b1b5ede6\/health-and-safety-at-terrasses-de-la-chaudiresant-et-scurit-aux-terrasses-de-la-chaudire\">nous avons avis\u00e9 l\u2019ensemble de la direction du complexe<\/a>\u00a0et nous n&#8217;avons pas encore re\u00e7u de r\u00e9ponse substantielle.<\/p>\n<h1><em><a href=\"https:\/\/docs.google.com\/forms\/d\/1n0UVHD438V7zNr3wsvrUPrxj4e_7mtr2fyU5noMJgoY\/edit\">Inscrivez-vous d\u00e8s aujourd&#8217;hui et impliquez-vous<\/a>\u00a0!<\/em><\/h1>\n<p>Nous nous organisons pour r\u00e9soudre les probl\u00e9matiques suivantes:\u00a0<a href=\"https:\/\/psacunionafpc-my.sharepoint.com\/personal\/oreillj_psac-afpc_com\/Documents\/Forms\/All.aspx?cid=7f717902-b467-42e5-b67a-46da2dd71a5e&amp;FolderCTID=0x012000B1465DF5AA37B042BB54EA0DFA475273&amp;id=%2Fpersonal%2Foreillj_psac-afpc_com%2FDocuments%2FTerrasses%20de%20la%20Chaudiere%20documents%2FReport%20OHS%20labour%20affairs%20officer%20Sept%2026%202018%2010%20Wellington%2Epdf&amp;parent=%2Fpersonal%2Foreillj_psac-afpc_com%2FDocuments%2FTerrasses%20de%20la%20Chaudiere%20documents\"><strong>le surpeuplement<\/strong><\/a><strong>, la qualit\u00e9 de l&#8217;air,\u00a0<\/strong><a href=\"https:\/\/psacunionafpc-my.sharepoint.com\/personal\/oreillj_psac-afpc_com\/Documents\/Forms\/All.aspx?RootFolder=%2Fpersonal%2Foreillj_psac-afpc_com%2FDocuments%2FTerrasses%20de%20la%20Chaudiere%20documents\"><strong>des sympt\u00f4mes physiques signal\u00e9s par les travailleuses et les travailleurs<\/strong>\u00a0<\/a>(article en anglais) (maux de t\u00eate, \u00e9tourdissements, fatigue accrue, etc.) et\u00a0<a href=\"https:\/\/ici.radio-canada.ca\/nouvelle\/1163172\/bacterie-legionella-terrasses-chaudiere-gatineau\"><strong>des nouveaux cas de l\u00e9gionellose<\/strong>\u00a0<\/a>signal\u00e9s le 8 avril 2019.<\/p>\n<p><strong>Ce que nous voulons :<\/strong><\/p>\n<ul>\n<li>Une rencontre pr\u00e9liminaire avec les sous-ministres et les sous-ministres adjoints de chaque minist\u00e8re<\/li>\n<li>Un rapport de chaque minist\u00e8re sur la fa\u00e7on dont ces questions et d&#8217;autres questions connexes sont abord\u00e9es et comment elles seront r\u00e9solues<\/li>\n<li>Un comit\u00e9 interd\u00e9partemental formel dans l&#8217;ensemble du complexe (repr\u00e9sentants de chaque immeuble) qui inclurait des repr\u00e9sentants syndicaux pertinents pour s&#8217;assurer que l&#8217;\u00e9change d&#8217;information, les mesures et les suivis sont effectu\u00e9s en temps opportun.<\/li>\n<\/ul>\n<h1><em><strong><a href=\"https:\/\/docs.google.com\/forms\/d\/1n0UVHD438V7zNr3wsvrUPrxj4e_7mtr2fyU5noMJgoY\/edit\">Inscrivez-vous d\u00e8s aujourd&#8217;hui et impliquez-vous<\/a>\u00a0!<\/strong><\/em><\/h1>\n<p>&nbsp;<\/p>\n<div>\n<h5>\u00a0Luttons pour des espaces de travail ad\u00e9quats, de l&#8217;air pur et des b\u00e2timents sains aux Terrasses de la Chaudi\u00e8re !<\/h5>\n<\/div>\n","protected":false},"excerpt":{"rendered":"<p>L&#8217;AFPC dans la RCN, en partenariat avec le\u00a0SEN, le\u00a0SSG,\u00a0l&#8217;UCET, le\u00a0SESJ\u00a0et\u00a0AGR, fait campagne pour r\u00e9gler plusieurs probl\u00e8mes urgents de sant\u00e9 et s\u00e9curit\u00e9 aux Terrasses de la Chaudi\u00e8re. Dans le cadre de la premi\u00e8re phase de notre campagne,\u00a0nous avons avis\u00e9 l\u2019ensemble de la direction du complexe\u00a0et nous n&#8217;avons pas encore re\u00e7u de r\u00e9ponse substantielle. Inscrivez-vous d\u00e8s aujourd&#8217;hui &hellip; <\/p>\n<p class=\"link-more\"><a href=\"https:\/\/www.unesen.ca\/press\/?p=7344&#038;lang=fr\" class=\"more-link\">>><span class=\"screen-reader-text\"> &#8220;Pour un milieu de travail sain &#8211; Terrasses de la Chaudi\u00e8re&#8221;<\/span><\/a><\/p>\n","protected":false},"author":2,"featured_media":0,"comment_status":"closed","ping_status":"open","sticky":false,"template":"","format":"standard","meta":{"_links_to":"","_links_to_target":""},"categories":[],"tags":[],"_links":{"self":[{"href":"https:\/\/www.unesen.ca\/press\/index.php?rest_route=\/wp\/v2\/posts\/7344"}],"collection":[{"href":"https:\/\/www.unesen.ca\/press\/index.php?rest_route=\/wp\/v2\/posts"}],"about":[{"href":"https:\/\/www.unesen.ca\/press\/index.php?rest_route=\/wp\/v2\/types\/post"}],"author":[{"embeddable":true,"href":"https:\/\/www.unesen.ca\/press\/index.php?rest_route=\/wp\/v2\/users\/2"}],"replies":[{"embeddable":true,"href":"https:\/\/www.unesen.ca\/press\/index.php?rest_route=%2Fwp%2Fv2%2Fcomments&post=7344"}],"version-history":[{"count":1,"href":"https:\/\/www.unesen.ca\/press\/index.php?rest_route=\/wp\/v2\/posts\/7344\/revisions"}],"predecessor-version":[{"id":7346,"href":"https:\/\/www.unesen.ca\/press\/index.php?rest_route=\/wp\/v2\/posts\/7344\/revisions\/7346"}],"wp:attachment":[{"href":"https:\/\/www.unesen.ca\/press\/index.php?rest_route=%2Fwp%2Fv2%2Fmedia&parent=7344"}],"wp:term":[{"taxonomy":"category","embeddable":true,"href":"https:\/\/www.unesen.ca\/press\/index.php?rest_route=%2Fwp%2Fv2%2Fcategories&post=7344"},{"taxonomy":"post_tag","embeddable":true,"href":"https:\/\/www.unesen.ca\/press\/index.php?rest_route=%2Fwp%2Fv2%2Ftags&post=7344"}],"curies":[{"name":"wp","href":"https:\/\/api.w.org\/{rel}","templated":true}]}}