{"id":7333,"date":"2019-06-20T15:39:45","date_gmt":"2019-06-20T20:39:45","guid":{"rendered":"http:\/\/fr.une-sen.org\/press\/?p=7333"},"modified":"2019-07-08T08:42:19","modified_gmt":"2019-07-08T13:42:19","slug":"journee-nationale-des-peuples-autochtones-2","status":"publish","type":"post","link":"https:\/\/www.unesen.ca\/press\/?p=7333&amp;lang=fr","title":{"rendered":"Journ\u00e9e nationale des peuples autochtones"},"content":{"rendered":"<p style=\"text-align: center;\"><a href=\"http:\/\/www.une-sen.org\/press\/wp-content\/uploads\/2019\/06\/NatIndigenousDayJune21-f.png\"><img loading=\"lazy\" class=\"alignnone size-medium wp-image-7335\" src=\"http:\/\/www.une-sen.org\/press\/wp-content\/uploads\/2019\/06\/NatIndigenousDayJune21-f-300x188.png\" alt=\"\" width=\"300\" height=\"188\" srcset=\"https:\/\/www.unesen.ca\/press\/wp-content\/uploads\/2019\/06\/NatIndigenousDayJune21-f-300x188.png 300w, https:\/\/www.unesen.ca\/press\/wp-content\/uploads\/2019\/06\/NatIndigenousDayJune21-f-768x480.png 768w, https:\/\/www.unesen.ca\/press\/wp-content\/uploads\/2019\/06\/NatIndigenousDayJune21-f-1024x640.png 1024w, https:\/\/www.unesen.ca\/press\/wp-content\/uploads\/2019\/06\/NatIndigenousDayJune21-f.png 1200w\" sizes=\"(max-width: 300px) 100vw, 300px\" \/><\/a><\/p>\n<p>Le 21 juin est la Journ\u00e9e nationale des peuples autochtones. Pour c\u00e9l\u00e9brer l\u2019\u00e9v\u00e8nement, participez \u00e0 assistant \u00e0 un pow-wow, mangez des mets traditionnels ou renseignez-vous \u00e0 propos des Premi\u00e8res Nations. Cliquez <a href=\"https:\/\/www.canada.ca\/fr\/patrimoine-canadien\/campagnes\/journee-peuples-autochtones.html\" target=\"_blank\" rel=\"noopener noreferrer\">ici<\/a> pour consulter la liste des activit\u00e9s.<\/p>\n<p>Je vous invite \u00e0 ouvrir votre esprit et votre c\u0153ur, \u00e0 chercher de l\u2019information et \u00e0 d\u00e9couvrir la v\u00e9rit\u00e9 sur l\u2019histoire des Autochtones et leur vie aujourd\u2019hui. Vous pouvez lire un rapport ou un livre, regarder un film sur les Autochtones ou faire vos propres recherches. Que savez-vous des trait\u00e9s et de ce qu\u2019ils ont engendr\u00e9? Savez-vous que le rapport final de l\u2019Enqu\u00eate nationale sur les femmes et les filles autochtones disparues et assassin\u00e9es qualifie le ph\u00e9nom\u00e8ne de \u00ab g\u00e9nocide \u00bb? Savez-vous ce que ce mot veut dire et savez-vous pourquoi on l\u2019a utilis\u00e9? Pr\u00e9f\u00e9rez-vous d\u00e9tourner le regard? Je voudrais bien, moi aussi, regarder ailleurs, mais les choses ne s\u2019am\u00e9lioreront jamais si tout le monde faisait ainsi. Quatre grands th\u00e8mes sont cern\u00e9s dans le rapport final de l\u2019Enqu\u00eate nationale; savez-vous lesquels? Comprenez-vous pourquoi les peuples autochtones sont appel\u00e9s \u00ab les gardiens de la terre \u00bb?<\/p>\n<p>Je suis tr\u00e8s heureuse d\u2019avoir finalement reconstitu\u00e9 les divers enseignements que j\u2019ai acquis et de pouvoir vous les transmettre, et je vous encourage \u00e0 faire de m\u00eame. Les Premi\u00e8res Nations et les colons ont conclu des trait\u00e9s, dont la plupart sont toujours en vigueur aujourd\u2019hui. La relation qui a d\u00e9coul\u00e9 de ces trait\u00e9s a \u00e9t\u00e9 une source de honte et de douleur pour les Autochtones. Malgr\u00e9 tout, nous pouvons r\u00e9parer cette relation si suffisamment de personnes sont pr\u00eates \u00e0 regarder la v\u00e9rit\u00e9 en face et \u00e0 apporter des changements. La Commission de v\u00e9rit\u00e9 et r\u00e9conciliation, la D\u00e9claration des Nations unies sur les droits des peuples autochtones et le rapport final de l\u2019Enqu\u00eate nationale sur les femmes et les filles autochtones disparues et assassin\u00e9es sont des outils \u00e0 notre disposition, et il y en a plus encore.<\/p>\n<p>Le chemin vers la r\u00e9conciliation sera long et p\u00e9nible, et chacune et chacun d\u2019entre nous doit choisir : aller de l\u2019avant ou reculer? Je cherche des r\u00e9ponses, je crois en l\u2019\u00e9galit\u00e9 et en la justice et je veux que mes enfants aient une relation plus solide et plus saine qu&#8217;aujourd&#8217;hui avec leur collectivit\u00e9. M\u00eame si la v\u00e9rit\u00e9 fait mal, la gu\u00e9rison doit commencer l\u00e0. Mon esprit et mon c\u0153ur sont ouverts. Si les v\u00f4tres ne le sont pas, pouvez-vous au moins ouvrir les oreilles?<\/p>\n<p>Respectueusement,<\/p>\n<p>Ruby Langan<br \/>\nRepr\u00e9sentante nationale de l&#8217;\u00e9quit\u00e9 du SEN pour les Autochtones<\/p>\n","protected":false},"excerpt":{"rendered":"<p>Le 21 juin est la Journ\u00e9e nationale des peuples autochtones. Pour c\u00e9l\u00e9brer l\u2019\u00e9v\u00e8nement, participez \u00e0 assistant \u00e0 un pow-wow, mangez des mets traditionnels ou renseignez-vous \u00e0 propos des Premi\u00e8res Nations. Cliquez ici pour consulter la liste des activit\u00e9s. Je vous invite \u00e0 ouvrir votre esprit et votre c\u0153ur, \u00e0 chercher de l\u2019information et \u00e0 d\u00e9couvrir &hellip; <\/p>\n<p class=\"link-more\"><a href=\"https:\/\/www.unesen.ca\/press\/?p=7333&#038;lang=fr\" class=\"more-link\">>><span class=\"screen-reader-text\"> &#8220;Journ\u00e9e nationale des peuples autochtones&#8221;<\/span><\/a><\/p>\n","protected":false},"author":6,"featured_media":0,"comment_status":"closed","ping_status":"open","sticky":false,"template":"","format":"standard","meta":{"_links_to":"","_links_to_target":""},"categories":[],"tags":[],"_links":{"self":[{"href":"https:\/\/www.unesen.ca\/press\/index.php?rest_route=\/wp\/v2\/posts\/7333"}],"collection":[{"href":"https:\/\/www.unesen.ca\/press\/index.php?rest_route=\/wp\/v2\/posts"}],"about":[{"href":"https:\/\/www.unesen.ca\/press\/index.php?rest_route=\/wp\/v2\/types\/post"}],"author":[{"embeddable":true,"href":"https:\/\/www.unesen.ca\/press\/index.php?rest_route=\/wp\/v2\/users\/6"}],"replies":[{"embeddable":true,"href":"https:\/\/www.unesen.ca\/press\/index.php?rest_route=%2Fwp%2Fv2%2Fcomments&post=7333"}],"version-history":[{"count":1,"href":"https:\/\/www.unesen.ca\/press\/index.php?rest_route=\/wp\/v2\/posts\/7333\/revisions"}],"predecessor-version":[{"id":7336,"href":"https:\/\/www.unesen.ca\/press\/index.php?rest_route=\/wp\/v2\/posts\/7333\/revisions\/7336"}],"wp:attachment":[{"href":"https:\/\/www.unesen.ca\/press\/index.php?rest_route=%2Fwp%2Fv2%2Fmedia&parent=7333"}],"wp:term":[{"taxonomy":"category","embeddable":true,"href":"https:\/\/www.unesen.ca\/press\/index.php?rest_route=%2Fwp%2Fv2%2Fcategories&post=7333"},{"taxonomy":"post_tag","embeddable":true,"href":"https:\/\/www.unesen.ca\/press\/index.php?rest_route=%2Fwp%2Fv2%2Ftags&post=7333"}],"curies":[{"name":"wp","href":"https:\/\/api.w.org\/{rel}","templated":true}]}}