{"id":7323,"date":"2019-06-20T14:49:57","date_gmt":"2019-06-20T19:49:57","guid":{"rendered":"http:\/\/www.une-sen.org\/press\/?p=7323"},"modified":"2019-07-08T08:42:57","modified_gmt":"2019-07-08T13:42:57","slug":"7323","status":"publish","type":"post","link":"https:\/\/www.unesen.ca\/press\/?p=7323&amp;lang=fr","title":{"rendered":"Bonne Saint-Jean-Baptiste!"},"content":{"rendered":"<p style=\"text-align: center;\"><a href=\"http:\/\/www.une-sen.org\/press\/wp-content\/uploads\/2019\/06\/StJeanBaptiste-f.png\"><img loading=\"lazy\" class=\"alignnone size-medium wp-image-7325\" src=\"http:\/\/www.une-sen.org\/press\/wp-content\/uploads\/2019\/06\/StJeanBaptiste-f-300x188.png\" alt=\"\" width=\"300\" height=\"188\" srcset=\"https:\/\/www.unesen.ca\/press\/wp-content\/uploads\/2019\/06\/StJeanBaptiste-f-300x188.png 300w, https:\/\/www.unesen.ca\/press\/wp-content\/uploads\/2019\/06\/StJeanBaptiste-f-768x480.png 768w, https:\/\/www.unesen.ca\/press\/wp-content\/uploads\/2019\/06\/StJeanBaptiste-f-1024x640.png 1024w, https:\/\/www.unesen.ca\/press\/wp-content\/uploads\/2019\/06\/StJeanBaptiste-f.png 1200w\" sizes=\"(max-width: 300px) 100vw, 300px\" \/><\/a><\/p>\n<p>Les membres du Comit\u00e9 des francophones du Syndicat des employ\u00e9es et employ\u00e9s nationaux (SEN) souhaitent une bonne F\u00eate nationale du Qu\u00e9bec \u00e0 toutes les qu\u00e9b\u00e9coises et qu\u00e9b\u00e9cois.<\/p>\n<p>Voir les activit\u00e9s : <a href=\"https:\/\/www.fetenationale.quebec\">https:\/\/www.fetenationale.quebec<\/a><\/p>\n","protected":false},"excerpt":{"rendered":"<p>Les membres du Comit\u00e9 des francophones du Syndicat des employ\u00e9es et employ\u00e9s nationaux (SEN) souhaitent une bonne F\u00eate nationale du Qu\u00e9bec \u00e0 toutes les qu\u00e9b\u00e9coises et qu\u00e9b\u00e9cois. Voir les activit\u00e9s : https:\/\/www.fetenationale.quebec<\/p>\n","protected":false},"author":6,"featured_media":0,"comment_status":"closed","ping_status":"open","sticky":false,"template":"","format":"standard","meta":{"_links_to":"","_links_to_target":""},"categories":[],"tags":[],"_links":{"self":[{"href":"https:\/\/www.unesen.ca\/press\/index.php?rest_route=\/wp\/v2\/posts\/7323"}],"collection":[{"href":"https:\/\/www.unesen.ca\/press\/index.php?rest_route=\/wp\/v2\/posts"}],"about":[{"href":"https:\/\/www.unesen.ca\/press\/index.php?rest_route=\/wp\/v2\/types\/post"}],"author":[{"embeddable":true,"href":"https:\/\/www.unesen.ca\/press\/index.php?rest_route=\/wp\/v2\/users\/6"}],"replies":[{"embeddable":true,"href":"https:\/\/www.unesen.ca\/press\/index.php?rest_route=%2Fwp%2Fv2%2Fcomments&post=7323"}],"version-history":[{"count":2,"href":"https:\/\/www.unesen.ca\/press\/index.php?rest_route=\/wp\/v2\/posts\/7323\/revisions"}],"predecessor-version":[{"id":7327,"href":"https:\/\/www.unesen.ca\/press\/index.php?rest_route=\/wp\/v2\/posts\/7323\/revisions\/7327"}],"wp:attachment":[{"href":"https:\/\/www.unesen.ca\/press\/index.php?rest_route=%2Fwp%2Fv2%2Fmedia&parent=7323"}],"wp:term":[{"taxonomy":"category","embeddable":true,"href":"https:\/\/www.unesen.ca\/press\/index.php?rest_route=%2Fwp%2Fv2%2Fcategories&post=7323"},{"taxonomy":"post_tag","embeddable":true,"href":"https:\/\/www.unesen.ca\/press\/index.php?rest_route=%2Fwp%2Fv2%2Ftags&post=7323"}],"curies":[{"name":"wp","href":"https:\/\/api.w.org\/{rel}","templated":true}]}}