{"id":7312,"date":"2019-06-13T13:31:31","date_gmt":"2019-06-13T18:31:31","guid":{"rendered":"http:\/\/fr.une-sen.org\/press\/?p=7312"},"modified":"2019-06-13T13:31:31","modified_gmt":"2019-06-13T18:31:31","slug":"declaration-du-president-national-du-sen-sur-la-mise-a-jour-du-gouvernement-concernant-le-remplacement-du-systeme-de-paye-phenix","status":"publish","type":"post","link":"https:\/\/www.unesen.ca\/press\/?p=7312&amp;lang=fr","title":{"rendered":"D\u00e9claration du pr\u00e9sident national du SEN sur la mise \u00e0 jour du gouvernement concernant le remplacement du syst\u00e8me de paye Ph\u00e9nix"},"content":{"rendered":"<p style=\"text-align: center;\"><a href=\"http:\/\/www.une-sen.org\/press\/wp-content\/uploads\/2019\/06\/logo_with_tagline_e-1.png\"><img loading=\"lazy\" class=\"alignnone size-medium wp-image-7314\" src=\"http:\/\/www.une-sen.org\/press\/wp-content\/uploads\/2019\/06\/logo_with_tagline_e-1-300x190.png\" alt=\"\" width=\"300\" height=\"190\" srcset=\"https:\/\/www.unesen.ca\/press\/wp-content\/uploads\/2019\/06\/logo_with_tagline_e-1-300x190.png 300w, https:\/\/www.unesen.ca\/press\/wp-content\/uploads\/2019\/06\/logo_with_tagline_e-1.png 630w\" sizes=\"(max-width: 300px) 100vw, 300px\" \/><\/a><\/p>\n<p style=\"text-align: left;\">Hier, nous avons appris de la pr\u00e9sidente du Conseil du Tr\u00e9sor, Joyce Murray, que le remplacement du syst\u00e8me de paye Ph\u00e9nix \u00e9tait en cours.<\/p>\n<p>Trois fournisseurs ont \u00e9t\u00e9 s\u00e9lectionn\u00e9s dans le cadre du processus d\u2019approvisionnement, \u00e0 la suite de consultations avec diff\u00e9rents intervenants, notamment des syndicats, principalement l\u2019IPFPC (Institut professionnel de la fonction publique du Canada). Une phase du projet pilote du nouveau syst\u00e8me de RH et de paye, appel\u00e9 ProGen, devrait \u00eatre mise en place d\u2019ici la fin de l\u2019ann\u00e9e, permettant aux fonctionnaires de mettre \u00e0 l\u2019essai les trois syst\u00e8mes de paye s\u00e9lectionn\u00e9s et de fournir des commentaires pr\u00e9cieux au gouvernement.<\/p>\n<p>Bien que la pr\u00e9sidente nationale de l\u2019IPFPC, Debi Daviau, ait mis l\u2019accent sur l\u2019expertise de ses membres et leur capacit\u00e9 de codifier et de construire des syst\u00e8mes informatiques, nous esp\u00e9rons que les futures annonces conjointes comprendront TOUS les agents n\u00e9gociateurs dont les membres rel\u00e8vent de la comp\u00e9tence f\u00e9d\u00e9rale.<\/p>\n<p>Nous ne savons toujours pas quand le syst\u00e8me ProGen sera pleinement mis en \u0153uvre, le gouvernement refusant de donner une date de lancement d\u00e9finitive. C\u2019est dommage, car cela donnerait de l\u2019espoir \u00e0 des milliers de membres du SEN qui ont \u00e9t\u00e9 touch\u00e9s par le fiasco de Ph\u00e9nix au cours des trois derni\u00e8res ann\u00e9es.<\/p>\n<p>Tout comme l\u2019AFPC, nous r\u00e9clamons toujours une juste indemnisation pour les dommages caus\u00e9s \u00e0 nos membres.<\/p>\n<p>Nous sommes en plein milieu de la Semaine nationale de la fonction publique (SNFP). C\u2019est aussi une ann\u00e9e \u00e9lectorale et de nombreux membres du SEN sont en n\u00e9gociation. Nos membres m\u00e9ritent d\u2019\u00eatre INT\u00c9GRALEMENT pay\u00e9s et \u00c0 TEMPS. Fini les erreurs, fini les excuses, fini les retards. Nous exigeons un syst\u00e8me de paye et de RH qui fonctionne, d\u2019un oc\u00e9an \u00e0 l\u2019autre, et nous l\u2019exigeons maintenant. Il faut que \u00e7a bouge!<\/p>\n<p>En toute solidarit\u00e9,<\/p>\n<p>Kevin King<br \/>\nPr\u00e9sident national du SEN<\/p>\n","protected":false},"excerpt":{"rendered":"<p>Hier, nous avons appris de la pr\u00e9sidente du Conseil du Tr\u00e9sor, Joyce Murray, que le remplacement du syst\u00e8me de paye Ph\u00e9nix \u00e9tait en cours. Trois fournisseurs ont \u00e9t\u00e9 s\u00e9lectionn\u00e9s dans le cadre du processus d\u2019approvisionnement, \u00e0 la suite de consultations avec diff\u00e9rents intervenants, notamment des syndicats, principalement l\u2019IPFPC (Institut professionnel de la fonction publique du &hellip; <\/p>\n<p class=\"link-more\"><a href=\"https:\/\/www.unesen.ca\/press\/?p=7312&#038;lang=fr\" class=\"more-link\">>><span class=\"screen-reader-text\"> &#8220;D\u00e9claration du pr\u00e9sident national du SEN sur la mise \u00e0 jour du gouvernement concernant le remplacement du syst\u00e8me de paye Ph\u00e9nix&#8221;<\/span><\/a><\/p>\n","protected":false},"author":6,"featured_media":0,"comment_status":"closed","ping_status":"open","sticky":false,"template":"","format":"standard","meta":{"_links_to":"","_links_to_target":""},"categories":[],"tags":[],"_links":{"self":[{"href":"https:\/\/www.unesen.ca\/press\/index.php?rest_route=\/wp\/v2\/posts\/7312"}],"collection":[{"href":"https:\/\/www.unesen.ca\/press\/index.php?rest_route=\/wp\/v2\/posts"}],"about":[{"href":"https:\/\/www.unesen.ca\/press\/index.php?rest_route=\/wp\/v2\/types\/post"}],"author":[{"embeddable":true,"href":"https:\/\/www.unesen.ca\/press\/index.php?rest_route=\/wp\/v2\/users\/6"}],"replies":[{"embeddable":true,"href":"https:\/\/www.unesen.ca\/press\/index.php?rest_route=%2Fwp%2Fv2%2Fcomments&post=7312"}],"version-history":[{"count":1,"href":"https:\/\/www.unesen.ca\/press\/index.php?rest_route=\/wp\/v2\/posts\/7312\/revisions"}],"predecessor-version":[{"id":7315,"href":"https:\/\/www.unesen.ca\/press\/index.php?rest_route=\/wp\/v2\/posts\/7312\/revisions\/7315"}],"wp:attachment":[{"href":"https:\/\/www.unesen.ca\/press\/index.php?rest_route=%2Fwp%2Fv2%2Fmedia&parent=7312"}],"wp:term":[{"taxonomy":"category","embeddable":true,"href":"https:\/\/www.unesen.ca\/press\/index.php?rest_route=%2Fwp%2Fv2%2Fcategories&post=7312"},{"taxonomy":"post_tag","embeddable":true,"href":"https:\/\/www.unesen.ca\/press\/index.php?rest_route=%2Fwp%2Fv2%2Ftags&post=7312"}],"curies":[{"name":"wp","href":"https:\/\/api.w.org\/{rel}","templated":true}]}}