{"id":7289,"date":"2019-06-03T11:57:46","date_gmt":"2019-06-03T16:57:46","guid":{"rendered":"http:\/\/fr.une-sen.org\/press\/?p=7289"},"modified":"2019-07-08T08:44:04","modified_gmt":"2019-07-08T13:44:04","slug":"mois-du-patrimoine-philippin","status":"publish","type":"post","link":"https:\/\/www.unesen.ca\/press\/?p=7289&amp;lang=fr","title":{"rendered":"Mois du patrimoine philippin"},"content":{"rendered":"<p style=\"text-align: center;\"><a href=\"http:\/\/www.une-sen.org\/press\/wp-content\/uploads\/2019\/06\/PhilipinesFlag-1.png\"><img loading=\"lazy\" class=\"alignnone size-medium wp-image-7291\" src=\"http:\/\/www.une-sen.org\/press\/wp-content\/uploads\/2019\/06\/PhilipinesFlag-1-300x188.png\" alt=\"\" width=\"300\" height=\"188\" srcset=\"https:\/\/www.unesen.ca\/press\/wp-content\/uploads\/2019\/06\/PhilipinesFlag-1-300x188.png 300w, https:\/\/www.unesen.ca\/press\/wp-content\/uploads\/2019\/06\/PhilipinesFlag-1-768x480.png 768w, https:\/\/www.unesen.ca\/press\/wp-content\/uploads\/2019\/06\/PhilipinesFlag-1-1024x640.png 1024w, https:\/\/www.unesen.ca\/press\/wp-content\/uploads\/2019\/06\/PhilipinesFlag-1.png 1200w\" sizes=\"(max-width: 300px) 100vw, 300px\" \/><\/a><\/p>\n<p>Mabuhay! (En tagalog, langue originaire des Philippines, mabuhay signifie \u00ab longue vie \u00bb)<\/p>\n<p>Au d\u00e9but des ann\u00e9es 1970, ma m\u00e8re et ma tante ont immigr\u00e9 des Philippines au Canada, plus pr\u00e9cis\u00e9ment \u00e0 Winnipeg, au Manitoba, dans l\u2019espoir de trouver un avenir meilleur. N\u00e9e et \u00e9lev\u00e9e en tant que Canado-Philippine, je suis plus que b\u00e9nie pour les sacrifices qu\u2019elles ont consentis \u00e0 l\u2019\u00e9gard de notre famille. Je suis s\u00fbre que beaucoup de gens au Canada peuvent comprendre l\u2019histoire de ma famille.<\/p>\n<p>L\u2019immigration philippine a commenc\u00e9 tardivement par rapport \u00e0 celle d\u2019autres nationalit\u00e9s. En fait, les dossiers d\u2019immigrants philippins au Canada remontent aux ann\u00e9es 1930 et \u00e9taient peu nombreux. Dans les ann\u00e9es 1990, l\u2019immigration en provenance des Philippines a augment\u00e9. Les possibilit\u00e9s de travailler en tant qu\u2019aide familiale et aide familial r\u00e9sidant au Canada ont ouvert de nombreuses portes. En cons\u00e9quence, un plus grand nombre d\u2019immigrantes philippines et immigrants philippins ont commenc\u00e9 \u00e0 s\u2019installer dans les grandes villes canadiennes, telles que Toronto, Winnipeg et Vancouver.<\/p>\n<p>Pour beaucoup de Philippines et Philippins, l\u2019objectif \u00e9tait de faire venir au Canada les membres de leur famille imm\u00e9diate. Une personne arrivait en tant que travailleuse ou travailleur temporaire, laissant derri\u00e8re elle\/lui son ou sa partenaire et ses enfants. La r\u00e9unification avec sa famille au Canada avait lieu d\u00e8s l\u2019obtention du statut de r\u00e9sidente permanente ou r\u00e9sident permanent. Les Philippines et Philippins, ainsi que de nombreuses Canadiennes et nombreux Canadiens d\u2019origine asiatique, contribuent grandement \u00e0 l\u2019\u00e9conomie du pays.<\/p>\n<p>De nombreuses et nombreux membres de la communaut\u00e9 philippine ont profond\u00e9ment marqu\u00e9 la soci\u00e9t\u00e9 canadienne. En 2012, le regrett\u00e9 Tobias Enverga, fils, a \u00e9t\u00e9 le premier Philippin \u00e0 \u00eatre nomm\u00e9 s\u00e9nateur au Canada. En tant que membre du S\u00e9nat, l\u2019un de ses principaux objectifs a \u00e9t\u00e9 de d\u00e9fendre les droits des personnes atteintes du syndrome de Down, dont \u00e9tait atteinte l\u2019une de ses filles. Rey Pagtakhan, un autre Canado-Philippin a \u00e9t\u00e9 \u00e9lu au Parlement en 1988. Il a \u00e9galement occup\u00e9 le poste de secr\u00e9taire d\u2019\u00c9tat (Asie-Pacifique) entre 2001 et 2002. Aujourd\u2019hui, de nombreux Philippines et Philippins au Canada continuent de fa\u00e7onner le caract\u00e8re et le patrimoine du pays plus que jamais.<\/p>\n<p>Le Mois du patrimoine philippin est en juin et dure tout au long du mois. Il a \u00e9t\u00e9 proclam\u00e9 au Canada le 30 octobre 2018 dans la Loi de 2017 sur le Mois du patrimoine philippin. Il est important de souligner que la proclamation du Mois du patrimoine philippin a \u00e9t\u00e9 lanc\u00e9e par une p\u00e9tition \u00e9manant de Paulina Corpuz de Toronto, en Ontario. D\u2019un oc\u00e9an \u00e0 l\u2019autre, dans toutes les r\u00e9gions du Canada, je vous encourage, ainsi que votre famille, \u00e0 assister \u00e0 des \u00e9v\u00e9nements, \u00e0 participer \u00e0 des activit\u00e9s, \u00e0 go\u00fbter \u00e0 diff\u00e9rents plats philippins, \u00e0 partager des histoires, \u00e0 apprendre la langue et \u00e0 c\u00e9l\u00e9brer les relations privil\u00e9gi\u00e9es entre les Philippines et Philippins, et le Canada.<\/p>\n<p>Salamat! (En tagalog, langue originaire des Philippines, salamat signifie \u00ab merci \u00bb)<\/p>\n<p>Jacqueline Nanali<br \/>\nRepr\u00e9sentante r\u00e9gionale aux droits de la personne, Manitoba<\/p>\n","protected":false},"excerpt":{"rendered":"<p>Mabuhay! (En tagalog, langue originaire des Philippines, mabuhay signifie \u00ab longue vie \u00bb) Au d\u00e9but des ann\u00e9es 1970, ma m\u00e8re et ma tante ont immigr\u00e9 des Philippines au Canada, plus pr\u00e9cis\u00e9ment \u00e0 Winnipeg, au Manitoba, dans l\u2019espoir de trouver un avenir meilleur. N\u00e9e et \u00e9lev\u00e9e en tant que Canado-Philippine, je suis plus que b\u00e9nie pour &hellip; <\/p>\n<p class=\"link-more\"><a href=\"https:\/\/www.unesen.ca\/press\/?p=7289&#038;lang=fr\" class=\"more-link\">>><span class=\"screen-reader-text\"> &#8220;Mois du patrimoine philippin&#8221;<\/span><\/a><\/p>\n","protected":false},"author":6,"featured_media":0,"comment_status":"closed","ping_status":"open","sticky":false,"template":"","format":"standard","meta":{"_links_to":"","_links_to_target":""},"categories":[],"tags":[],"_links":{"self":[{"href":"https:\/\/www.unesen.ca\/press\/index.php?rest_route=\/wp\/v2\/posts\/7289"}],"collection":[{"href":"https:\/\/www.unesen.ca\/press\/index.php?rest_route=\/wp\/v2\/posts"}],"about":[{"href":"https:\/\/www.unesen.ca\/press\/index.php?rest_route=\/wp\/v2\/types\/post"}],"author":[{"embeddable":true,"href":"https:\/\/www.unesen.ca\/press\/index.php?rest_route=\/wp\/v2\/users\/6"}],"replies":[{"embeddable":true,"href":"https:\/\/www.unesen.ca\/press\/index.php?rest_route=%2Fwp%2Fv2%2Fcomments&post=7289"}],"version-history":[{"count":2,"href":"https:\/\/www.unesen.ca\/press\/index.php?rest_route=\/wp\/v2\/posts\/7289\/revisions"}],"predecessor-version":[{"id":7293,"href":"https:\/\/www.unesen.ca\/press\/index.php?rest_route=\/wp\/v2\/posts\/7289\/revisions\/7293"}],"wp:attachment":[{"href":"https:\/\/www.unesen.ca\/press\/index.php?rest_route=%2Fwp%2Fv2%2Fmedia&parent=7289"}],"wp:term":[{"taxonomy":"category","embeddable":true,"href":"https:\/\/www.unesen.ca\/press\/index.php?rest_route=%2Fwp%2Fv2%2Fcategories&post=7289"},{"taxonomy":"post_tag","embeddable":true,"href":"https:\/\/www.unesen.ca\/press\/index.php?rest_route=%2Fwp%2Fv2%2Ftags&post=7289"}],"curies":[{"name":"wp","href":"https:\/\/api.w.org\/{rel}","templated":true}]}}