{"id":727,"date":"2012-02-27T16:22:24","date_gmt":"2012-02-27T21:22:24","guid":{"rendered":"http:\/\/www.une-sen.org\/press\/?p=727"},"modified":"2014-02-25T19:06:33","modified_gmt":"2014-02-25T19:06:33","slug":"a-votre-service-un-message-de-eddie-kennedy","status":"publish","type":"post","link":"https:\/\/www.unesen.ca\/press\/?p=727&amp;lang=fr","title":{"rendered":"\u00c0 votre service &#8211; un message de Eddie Kennedy"},"content":{"rendered":"<p><img loading=\"lazy\" class=\"alignnone size-full wp-image-728\" title=\"eddie_v1_f\" alt=\"\" src=\"http:\/\/www.une-sen.org\/press\/wp-content\/uploads\/2012\/04\/eddie_v1_f.jpg\" width=\"541\" height=\"360\" border=\"0\" srcset=\"https:\/\/www.unesen.ca\/press\/wp-content\/uploads\/2012\/04\/eddie_v1_f.jpg 541w, https:\/\/www.unesen.ca\/press\/wp-content\/uploads\/2012\/04\/eddie_v1_f-300x199.jpg 300w\" sizes=\"(max-width: 541px) 100vw, 541px\" \/><\/p>\n<p>Chers confr\u00e8res, ch\u00e8res cons\u0153urs,<\/p>\n<p>Depuis mon entr\u00e9e en fonction il y a six mois \u00e0 titre de vice-pr\u00e9sident ex\u00e9cutif national du SEN, je me suis efforc\u00e9 de bien d\u00e9fendre nos membres. Je dois reconna\u00eetre que c\u2019est \u00e0 la fois un grand plaisir et un honneur pour moi de repr\u00e9senter tous nos membres \u2013 de tous les secteurs et des quatre coins du pays.<\/p>\n<p>Derni\u00e8rement, mon employeur, Parcs Canada, m\u2019a demand\u00e9 de l\u2019aider \u00e0 am\u00e9liorer les relations de travail. Il m\u2019a offert de me dispenser de mes t\u00e2ches professionnelles habituelles jusqu\u2019en octobre 2013 pour me permettre de me concentrer enti\u00e8rement \u00e0 l\u2019aider \u00e0 r\u00e9soudre certains probl\u00e8mes de relations de travail. Je vais accomplir ce travail en tant que vice-pr\u00e9sident ex\u00e9cutif national, et non comme un agent de l\u2019employeur. Pendant ce temps, mon employeur continuera \u00e0 me verser ma r\u00e9mun\u00e9ration et \u00e0 m\u2019offrir les avantages habituels.<\/p>\n<p>\u00c9tant donn\u00e9 le climat politique actuel, il est probable que, au cours de cette affectation, je doive conseiller l\u2019organisme dans des cas de r\u00e9am\u00e9nagements des effectifs.<\/p>\n<p>Avec votre aide, je ferai tout mon possible pour contrer les plans de licenciement. Si votre employeur d\u00e9cide d\u2019appliquer des mesures de r\u00e9am\u00e9nagement des effectifs, j\u2019aurai pour t\u00e2ches de m\u2019assurer qu\u2019il le fait de fa\u00e7on juste et transparente.<\/p>\n<p>M\u00eame si mes activit\u00e9s professionnelles porteront surtout sur les membres travaillant \u00e0 Parcs Canada, dans le cadre de cette nouvelle affectation il me sera plus facile de prendre des cong\u00e9s non pay\u00e9s pour des activit\u00e9s syndicales. Autrement dit, je disposerai davantage de temps pour vous repr\u00e9senter tous et toutes comme vice-pr\u00e9sident ex\u00e9cutif national.<\/p>\n<p>Si vous avez des questions sur cette affectation ou tout autre sujet (ou si vous souhaitez simplement m\u2019encourager!), n\u2019h\u00e9sitez pas \u00e0 communiquer avec moi.<\/p>\n<p>En toute solidarit\u00e9,<\/p>\n<p>Eddie Kennedy<br \/>\nVice-pr\u00e9sident ex\u00e9cutif national<br \/>\nSyndicat des employ\u00e9es et employ\u00e9s nationaux<\/p>\n","protected":false},"excerpt":{"rendered":"<p>Chers confr\u00e8res, ch\u00e8res cons\u0153urs, Depuis mon entr\u00e9e en fonction il y a six mois \u00e0 titre de vice-pr\u00e9sident ex\u00e9cutif national du SEN, je me suis efforc\u00e9 de bien d\u00e9fendre nos membres. Je dois reconna\u00eetre que c\u2019est \u00e0 la fois un grand plaisir et un honneur pour moi de repr\u00e9senter tous nos membres \u2013 de tous &hellip; <\/p>\n<p class=\"link-more\"><a href=\"https:\/\/www.unesen.ca\/press\/?p=727&#038;lang=fr\" class=\"more-link\">>><span class=\"screen-reader-text\"> &#8220;\u00c0 votre service &#8211; un message de Eddie Kennedy&#8221;<\/span><\/a><\/p>\n","protected":false},"author":3,"featured_media":0,"comment_status":"open","ping_status":"open","sticky":false,"template":"","format":"standard","meta":{"_links_to":"","_links_to_target":""},"categories":[],"tags":[],"_links":{"self":[{"href":"https:\/\/www.unesen.ca\/press\/index.php?rest_route=\/wp\/v2\/posts\/727"}],"collection":[{"href":"https:\/\/www.unesen.ca\/press\/index.php?rest_route=\/wp\/v2\/posts"}],"about":[{"href":"https:\/\/www.unesen.ca\/press\/index.php?rest_route=\/wp\/v2\/types\/post"}],"author":[{"embeddable":true,"href":"https:\/\/www.unesen.ca\/press\/index.php?rest_route=\/wp\/v2\/users\/3"}],"replies":[{"embeddable":true,"href":"https:\/\/www.unesen.ca\/press\/index.php?rest_route=%2Fwp%2Fv2%2Fcomments&post=727"}],"version-history":[{"count":1,"href":"https:\/\/www.unesen.ca\/press\/index.php?rest_route=\/wp\/v2\/posts\/727\/revisions"}],"predecessor-version":[{"id":3555,"href":"https:\/\/www.unesen.ca\/press\/index.php?rest_route=\/wp\/v2\/posts\/727\/revisions\/3555"}],"wp:attachment":[{"href":"https:\/\/www.unesen.ca\/press\/index.php?rest_route=%2Fwp%2Fv2%2Fmedia&parent=727"}],"wp:term":[{"taxonomy":"category","embeddable":true,"href":"https:\/\/www.unesen.ca\/press\/index.php?rest_route=%2Fwp%2Fv2%2Fcategories&post=727"},{"taxonomy":"post_tag","embeddable":true,"href":"https:\/\/www.unesen.ca\/press\/index.php?rest_route=%2Fwp%2Fv2%2Ftags&post=727"}],"curies":[{"name":"wp","href":"https:\/\/api.w.org\/{rel}","templated":true}]}}