{"id":7256,"date":"2019-09-10T06:04:06","date_gmt":"2019-09-10T11:04:06","guid":{"rendered":"http:\/\/fr.une-sen.org\/press\/?p=7256"},"modified":"2019-09-10T11:51:14","modified_gmt":"2019-09-10T16:51:14","slug":"conference-des-femmes-du-sen","status":"publish","type":"post","link":"https:\/\/www.unesen.ca\/press\/?p=7256&amp;lang=fr","title":{"rendered":"Conf\u00e9rence des femmes du SEN"},"content":{"rendered":"<p><img loading=\"lazy\" src=\"http:\/\/www.une-sen.org\/press\/wp-content\/uploads\/2019\/05\/Poster-WC-Final-f-1024x640.png\" alt=\"\" width=\"525\" height=\"328\" \/><\/p>\n<p>La 1e conf\u00e9rence des femmes du SEN est sur le point de commencer!<\/p>\n<p><a href=\"http:\/\/fr.une-sen.org\/events\/conferences\/WC\/Program-WC-Full-F.pdf\">Cliquez ici pour<\/a><a href=\"http:\/\/fr.une-sen.org\/events\/conferences\/WC\/Program-WC-Full-F.pdf\">\u00a0le programme complet de\u00a0la\u00a0conf\u00e9rence.\u00a0<\/a><\/p>\n<p>Suivez\u00a0nous\u00a0sur\u00a0Twitter et Facebook :<\/p>\n<p>Facebook:<\/p>\n<p><a href=\"https:\/\/www.facebook.com\/Union.NE.Syndicat.EN\">https:\/\/www.facebook.com\/Union.NE.Syndicat.EN<\/a><\/p>\n<p><a class=\"twitter-timeline\" data-width=\"525\" data-height=\"788\" data-dnt=\"true\" href=\"https:\/\/twitter.com\/UNE_SEN?ref_src=twsrc%5Etfw\">Tweets by UNE_SEN<\/a><script async src=\"https:\/\/platform.twitter.com\/widgets.js\" charset=\"utf-8\"><\/script><\/p>\n<p>&nbsp;<\/p>\n<div id=\"main\" class=\"wrapper\">\n<section id=\"content\" class=\"wide-content\">En toute solidarit\u00e9,Vos co-pr\u00e9sidentes du comit\u00e9 directeur de la conf\u00e9rence des femmes\u00a0:Hayley Millington, repr\u00e9sentante nationale de l\u2019\u00e9quit\u00e9 pour les femmes<br \/>\nKate Hart, vice-pr\u00e9sidente nationale adjointe aux droits de la personne<br \/>\nIsabelle Beaudoin, vice-pr\u00e9sidente r\u00e9gionale adjointe, Hors Canada<\/p>\n<h2><\/h2>\n<p>&nbsp;<\/p>\n<\/section>\n<\/div>\n","protected":false},"excerpt":{"rendered":"<p>La 1e conf\u00e9rence des femmes du SEN est sur le point de commencer! Cliquez ici pour\u00a0le programme complet de\u00a0la\u00a0conf\u00e9rence.\u00a0 Suivez\u00a0nous\u00a0sur\u00a0Twitter et Facebook : Facebook: https:\/\/www.facebook.com\/Union.NE.Syndicat.EN Tweets by UNE_SEN &nbsp; En toute solidarit\u00e9,Vos co-pr\u00e9sidentes du comit\u00e9 directeur de la conf\u00e9rence des femmes\u00a0:Hayley Millington, repr\u00e9sentante nationale de l\u2019\u00e9quit\u00e9 pour les femmes Kate Hart, vice-pr\u00e9sidente nationale adjointe aux &hellip; <\/p>\n<p class=\"link-more\"><a href=\"https:\/\/www.unesen.ca\/press\/?p=7256&#038;lang=fr\" class=\"more-link\">>><span class=\"screen-reader-text\"> &#8220;Conf\u00e9rence des femmes du SEN&#8221;<\/span><\/a><\/p>\n","protected":false},"author":2,"featured_media":0,"comment_status":"closed","ping_status":"open","sticky":false,"template":"","format":"standard","meta":{"_links_to":"","_links_to_target":""},"categories":[],"tags":[],"_links":{"self":[{"href":"https:\/\/www.unesen.ca\/press\/index.php?rest_route=\/wp\/v2\/posts\/7256"}],"collection":[{"href":"https:\/\/www.unesen.ca\/press\/index.php?rest_route=\/wp\/v2\/posts"}],"about":[{"href":"https:\/\/www.unesen.ca\/press\/index.php?rest_route=\/wp\/v2\/types\/post"}],"author":[{"embeddable":true,"href":"https:\/\/www.unesen.ca\/press\/index.php?rest_route=\/wp\/v2\/users\/2"}],"replies":[{"embeddable":true,"href":"https:\/\/www.unesen.ca\/press\/index.php?rest_route=%2Fwp%2Fv2%2Fcomments&post=7256"}],"version-history":[{"count":5,"href":"https:\/\/www.unesen.ca\/press\/index.php?rest_route=\/wp\/v2\/posts\/7256\/revisions"}],"predecessor-version":[{"id":7471,"href":"https:\/\/www.unesen.ca\/press\/index.php?rest_route=\/wp\/v2\/posts\/7256\/revisions\/7471"}],"wp:attachment":[{"href":"https:\/\/www.unesen.ca\/press\/index.php?rest_route=%2Fwp%2Fv2%2Fmedia&parent=7256"}],"wp:term":[{"taxonomy":"category","embeddable":true,"href":"https:\/\/www.unesen.ca\/press\/index.php?rest_route=%2Fwp%2Fv2%2Fcategories&post=7256"},{"taxonomy":"post_tag","embeddable":true,"href":"https:\/\/www.unesen.ca\/press\/index.php?rest_route=%2Fwp%2Fv2%2Ftags&post=7256"}],"curies":[{"name":"wp","href":"https:\/\/api.w.org\/{rel}","templated":true}]}}