{"id":7246,"date":"2019-05-30T09:24:09","date_gmt":"2019-05-30T14:24:09","guid":{"rendered":"http:\/\/fr.une-sen.org\/press\/?p=7246"},"modified":"2019-05-30T09:26:45","modified_gmt":"2019-05-30T14:26:45","slug":"reprise-des-negos-pour-les-membres-de-parcs-canada","status":"publish","type":"post","link":"https:\/\/www.unesen.ca\/press\/?p=7246&amp;lang=fr","title":{"rendered":"Reprise des n\u00e9gos pour les membres de Parcs Canada"},"content":{"rendered":"<header id=\"main-content-header\" class=\"clearfix\">\n<h1><img loading=\"lazy\" class=\"alignnone size-full wp-image-7248\" src=\"http:\/\/www.une-sen.org\/press\/wp-content\/uploads\/2019\/05\/ParksBargainingTeam.png\" alt=\"\" width=\"600\" height=\"375\" srcset=\"https:\/\/www.unesen.ca\/press\/wp-content\/uploads\/2019\/05\/ParksBargainingTeam.png 600w, https:\/\/www.unesen.ca\/press\/wp-content\/uploads\/2019\/05\/ParksBargainingTeam-300x188.png 300w\" sizes=\"(max-width: 600px) 100vw, 600px\" \/><\/h1>\n<h1 id=\"page-title\">Les n\u00e9gociations reprennent aujourd\u2019hui entre l\u2019AFPC et Parcs Canada. Les rencontres se d\u00e9rouleront pendant trois jours \u00e0 Ottawa, du 28 au 30 mai.<\/h1>\n<\/header>\n<div id=\"content\" class=\"region\">\n<div id=\"block-system-main\" class=\"block block-system no-title odd first last block-count-2 block-region-content block-main\">\n<div class=\"ds-1col node node-news node-promoted article odd node-lang-fr node-full view-mode-full clearfix\" role=\"article\">\n<div class=\"field field-name-body field-type-text-with-summary field-label-hidden view-mode-full\">\n<div class=\"field-items\">\n<div class=\"field-item even\">\n<p>Lors de la derni\u00e8re s\u00e9ance,\u00a0<a href=\"http:\/\/syndicatafpc.ca\/parcs-canada-lents-progres-table\"><strong>notre \u00e9quipe d\u00e9clarait que les choses bougeaient peu \u00e0 la table de n\u00e9gociation<\/strong><\/a>. M\u00eame si l\u2019employeur a fait de nouvelles propositions, il s\u2019est montr\u00e9 r\u00e9ticent \u00e0 traiter des enjeux importants.<\/p>\n<h2>VOIR : Les enjeux des membres de Parcs Canada<\/h2>\n<p class=\"rtecenter\"><iframe src=\"https:\/\/www.youtube.com\/embed\/RClrIpcm6cg\" width=\"560\" height=\"315\" frameborder=\"0\" allowfullscreen=\"allowfullscreen\" data-mce-fragment=\"1\"><\/iframe><\/p>\n<p>Les membres de l\u2019\u00e9quipe de n\u00e9go discutent des enjeux importants pour cette ronde et vous disent de quelle fa\u00e7on vous pouvez appuyer le processus de n\u00e9gociation.<\/p>\n<\/div>\n<\/div>\n<\/div>\n<section class=\"field field-name-field-topics field-type-taxonomy-term-reference field-label-inline clearfix view-mode-full\"><\/section>\n<\/div>\n<\/div>\n<\/div>\n","protected":false},"excerpt":{"rendered":"<p>Les n\u00e9gociations reprennent aujourd\u2019hui entre l\u2019AFPC et Parcs Canada. Les rencontres se d\u00e9rouleront pendant trois jours \u00e0 Ottawa, du 28 au 30 mai. Lors de la derni\u00e8re s\u00e9ance,\u00a0notre \u00e9quipe d\u00e9clarait que les choses bougeaient peu \u00e0 la table de n\u00e9gociation. M\u00eame si l\u2019employeur a fait de nouvelles propositions, il s\u2019est montr\u00e9 r\u00e9ticent \u00e0 traiter des &hellip; <\/p>\n<p class=\"link-more\"><a href=\"https:\/\/www.unesen.ca\/press\/?p=7246&#038;lang=fr\" class=\"more-link\">>><span class=\"screen-reader-text\"> &#8220;Reprise des n\u00e9gos pour les membres de Parcs Canada&#8221;<\/span><\/a><\/p>\n","protected":false},"author":2,"featured_media":0,"comment_status":"closed","ping_status":"open","sticky":false,"template":"","format":"standard","meta":{"_links_to":"","_links_to_target":""},"categories":[],"tags":[],"_links":{"self":[{"href":"https:\/\/www.unesen.ca\/press\/index.php?rest_route=\/wp\/v2\/posts\/7246"}],"collection":[{"href":"https:\/\/www.unesen.ca\/press\/index.php?rest_route=\/wp\/v2\/posts"}],"about":[{"href":"https:\/\/www.unesen.ca\/press\/index.php?rest_route=\/wp\/v2\/types\/post"}],"author":[{"embeddable":true,"href":"https:\/\/www.unesen.ca\/press\/index.php?rest_route=\/wp\/v2\/users\/2"}],"replies":[{"embeddable":true,"href":"https:\/\/www.unesen.ca\/press\/index.php?rest_route=%2Fwp%2Fv2%2Fcomments&post=7246"}],"version-history":[{"count":2,"href":"https:\/\/www.unesen.ca\/press\/index.php?rest_route=\/wp\/v2\/posts\/7246\/revisions"}],"predecessor-version":[{"id":7249,"href":"https:\/\/www.unesen.ca\/press\/index.php?rest_route=\/wp\/v2\/posts\/7246\/revisions\/7249"}],"wp:attachment":[{"href":"https:\/\/www.unesen.ca\/press\/index.php?rest_route=%2Fwp%2Fv2%2Fmedia&parent=7246"}],"wp:term":[{"taxonomy":"category","embeddable":true,"href":"https:\/\/www.unesen.ca\/press\/index.php?rest_route=%2Fwp%2Fv2%2Fcategories&post=7246"},{"taxonomy":"post_tag","embeddable":true,"href":"https:\/\/www.unesen.ca\/press\/index.php?rest_route=%2Fwp%2Fv2%2Ftags&post=7246"}],"curies":[{"name":"wp","href":"https:\/\/api.w.org\/{rel}","templated":true}]}}