{"id":7220,"date":"2019-04-25T13:00:48","date_gmt":"2019-04-25T18:00:48","guid":{"rendered":"http:\/\/fr.une-sen.org\/press\/?p=7220"},"modified":"2019-04-25T13:00:48","modified_gmt":"2019-04-25T18:00:48","slug":"colloque-regional-atlantique","status":"publish","type":"post","link":"https:\/\/www.unesen.ca\/press\/?p=7220&amp;lang=fr","title":{"rendered":"Colloque r\u00e9gional &#8211; Atlantique"},"content":{"rendered":"<p><img loading=\"lazy\" class=\"alignnone size-large wp-image-7222\" src=\"http:\/\/www.une-sen.org\/press\/wp-content\/uploads\/2019\/04\/RS-Poster-ATL-f-1-1024x640.png\" alt=\"\" width=\"525\" height=\"328\" srcset=\"https:\/\/www.unesen.ca\/press\/wp-content\/uploads\/2019\/04\/RS-Poster-ATL-f-1-1024x640.png 1024w, https:\/\/www.unesen.ca\/press\/wp-content\/uploads\/2019\/04\/RS-Poster-ATL-f-1-300x188.png 300w, https:\/\/www.unesen.ca\/press\/wp-content\/uploads\/2019\/04\/RS-Poster-ATL-f-1-768x480.png 768w, https:\/\/www.unesen.ca\/press\/wp-content\/uploads\/2019\/04\/RS-Poster-ATL-f-1.png 1200w\" sizes=\"(max-width: 525px) 100vw, 525px\" \/><\/p>\n<p>L\u2019\u00e9quipe r\u00e9gionale de l\u2019Atlantique vous invite \u00e0 participer au colloque r\u00e9gional qui se tiendra du 21 au 23 juin\u00a02019 \u00e0 l\u2019h\u00f4tel Delta de St.\u00a0John\u2019s (Terre-Neuve).<\/p>\n<h2><a href=\"https:\/\/fr.une-sen.org\/events\/seminars\/ATL\/registration\/index.php\">Pour vous inscrire en ligne, veuillez cliquer ici.<\/a><\/h2>\n<p>L\u2019\u00e9v\u00e9nement offrira des expos\u00e9s et des ateliers de formation qui vous donneront les connaissances et la confiance n\u00e9cessaires pour aider vos membres. C\u2019est \u00e9galement un excellent endroit pour rencontrer des membres actifs comme vous et nouer des amiti\u00e9s durables.<\/p>\n<p>Pour un aper\u00e7u d\u2019autres choses que nous vous r\u00e9servons, consultez le\u00a0<a href=\"http:\/\/fr.une-sen.org\/events\/seminars\/ATL\/agenda.php\" target=\"_blank\" rel=\"noopener noreferrer\">programme du colloque<\/a>.<\/p>\n<p>Le Syndicat des employ\u00e9es et employ\u00e9s nationaux financera les d\u00e9l\u00e9gu\u00e9es et d\u00e9l\u00e9gu\u00e9s suivants pour chaque section locale\u00a0:<\/p>\n<ul>\n<li>La pr\u00e9sidente ou le pr\u00e9sident d\u2019une section locale ou sa rempla\u00e7ante ou son rempla\u00e7ant devrait \u00eatre un des d\u00e9l\u00e9gu\u00e9(e)s;<\/li>\n<li>On devrait accorder la priorit\u00e9 \u00e0 un membre qui n\u2019a pas d\u00e9j\u00e0 assist\u00e9 \u00e0 un colloque;<\/li>\n<li>Les sections locales \u00e9liront une d\u00e9l\u00e9gu\u00e9e ou un d\u00e9l\u00e9gu\u00e9 jeunesse pour assister au Colloque r\u00e9gional (\u00e2g\u00e9(e) de 35\u00a0ans ou moins au 31\u00a0d\u00e9cembre\u00a02020).<\/li>\n<\/ul>\n<p>Les sections locales doivent encourager la participation des membres des groupes d\u2019\u00e9quit\u00e9. Elles peuvent d\u00e9l\u00e9guer d\u2019autres membres, \u00e0 leurs propres frais.<\/p>\n<p>Pour obtenir des renseignements sur les d\u00e9placements, l\u2019h\u00e9bergement, l\u2019accessibilit\u00e9 et l\u2019aide \u00e0 l\u2019intention des personnes handicap\u00e9es, veuillez consulter l\u2019<a href=\"http:\/\/fr.une-sen.org\/events\/seminars\/ATL\/cheatsheet.php\" target=\"_blank\" rel=\"noopener noreferrer\">aide-m\u00e9moire<\/a>.<\/p>\n<p>Vous devez vous inscrire d\u2019ici le vendredi 24\u00a0mai\u00a02019. Malheureusement, nous ne pouvons pas accepter les inscriptions en retard.<\/p>\n<p>Si vous avez des questions concernant le Colloque, veuillez communiquer avec Suzanne Boucher \u00e0 l\u2019adresse suivante\u00a0:\u00a0<a href=\"mailto:suzanne.boucher@une-sen.org\">suzanne.boucher@une-sen.org<\/a>.<\/p>\n<p>Les d\u00e9l\u00e9gu\u00e9es et les d\u00e9l\u00e9gu\u00e9s au Colloque r\u00e9gional devraient arriver \u00e0 temps le vendredi 21\u00a0juin\u00a02019 pour les inscriptions, qui commenceront \u00e0 19\u00a0h. Des chambres seront r\u00e9serv\u00e9es pour les d\u00e9l\u00e9gu\u00e9es et les d\u00e9l\u00e9gu\u00e9s \u00e0 l\u2019h\u00f4tel Delta de St.\u00a0John\u2019s pour les vendredi et samedi soirs du Colloque. Des activit\u00e9s doivent se tenir en soir\u00e9e. Le Colloque prend fin le dimanche 23\u00a0juin \u00e0 13\u00a0h.<\/p>\n<p>En toute solidarit\u00e9,<\/p>\n<p>Angela Decker, vice-pr\u00e9sidente r\u00e9gionale, Atlantique<br \/>\nBrian Morrissey, vice-pr\u00e9sident r\u00e9gional adjoint, Atlantique (N.\u2011B. et \u00ce.\u2011P.\u2011\u00c9.)<br \/>\nBill Bennett, vice-pr\u00e9sident r\u00e9gional adjoint, Atlantique (T.\u2011N.\u2011L.)<br \/>\nHelen Zebedee, repr\u00e9sentante r\u00e9gionale aux droits de la personne, Atlantique<\/p>\n","protected":false},"excerpt":{"rendered":"<p>L\u2019\u00e9quipe r\u00e9gionale de l\u2019Atlantique vous invite \u00e0 participer au colloque r\u00e9gional qui se tiendra du 21 au 23 juin\u00a02019 \u00e0 l\u2019h\u00f4tel Delta de St.\u00a0John\u2019s (Terre-Neuve). Pour vous inscrire en ligne, veuillez cliquer ici. L\u2019\u00e9v\u00e9nement offrira des expos\u00e9s et des ateliers de formation qui vous donneront les connaissances et la confiance n\u00e9cessaires pour aider vos membres. &hellip; <\/p>\n<p class=\"link-more\"><a href=\"https:\/\/www.unesen.ca\/press\/?p=7220&#038;lang=fr\" class=\"more-link\">>><span class=\"screen-reader-text\"> &#8220;Colloque r\u00e9gional &#8211; Atlantique&#8221;<\/span><\/a><\/p>\n","protected":false},"author":2,"featured_media":0,"comment_status":"closed","ping_status":"open","sticky":false,"template":"","format":"standard","meta":{"_links_to":"","_links_to_target":""},"categories":[],"tags":[],"_links":{"self":[{"href":"https:\/\/www.unesen.ca\/press\/index.php?rest_route=\/wp\/v2\/posts\/7220"}],"collection":[{"href":"https:\/\/www.unesen.ca\/press\/index.php?rest_route=\/wp\/v2\/posts"}],"about":[{"href":"https:\/\/www.unesen.ca\/press\/index.php?rest_route=\/wp\/v2\/types\/post"}],"author":[{"embeddable":true,"href":"https:\/\/www.unesen.ca\/press\/index.php?rest_route=\/wp\/v2\/users\/2"}],"replies":[{"embeddable":true,"href":"https:\/\/www.unesen.ca\/press\/index.php?rest_route=%2Fwp%2Fv2%2Fcomments&post=7220"}],"version-history":[{"count":1,"href":"https:\/\/www.unesen.ca\/press\/index.php?rest_route=\/wp\/v2\/posts\/7220\/revisions"}],"predecessor-version":[{"id":7223,"href":"https:\/\/www.unesen.ca\/press\/index.php?rest_route=\/wp\/v2\/posts\/7220\/revisions\/7223"}],"wp:attachment":[{"href":"https:\/\/www.unesen.ca\/press\/index.php?rest_route=%2Fwp%2Fv2%2Fmedia&parent=7220"}],"wp:term":[{"taxonomy":"category","embeddable":true,"href":"https:\/\/www.unesen.ca\/press\/index.php?rest_route=%2Fwp%2Fv2%2Fcategories&post=7220"},{"taxonomy":"post_tag","embeddable":true,"href":"https:\/\/www.unesen.ca\/press\/index.php?rest_route=%2Fwp%2Fv2%2Ftags&post=7220"}],"curies":[{"name":"wp","href":"https:\/\/api.w.org\/{rel}","templated":true}]}}