{"id":7193,"date":"2019-04-02T15:27:18","date_gmt":"2019-04-02T20:27:18","guid":{"rendered":"http:\/\/fr.une-sen.org\/press\/?p=7193"},"modified":"2019-04-02T15:27:18","modified_gmt":"2019-04-02T20:27:18","slug":"budget-federal-de-2019","status":"publish","type":"post","link":"https:\/\/www.unesen.ca\/press\/?p=7193&amp;lang=fr","title":{"rendered":"Budget f\u00e9d\u00e9ral de 2019"},"content":{"rendered":"<p style=\"text-align: center;\"><a href=\"http:\/\/www.une-sen.org\/press\/wp-content\/uploads\/2019\/04\/FederalBudget-f.png\"><img loading=\"lazy\" class=\"alignnone size-medium wp-image-7195\" src=\"http:\/\/www.une-sen.org\/press\/wp-content\/uploads\/2019\/04\/FederalBudget-f-300x188.png\" alt=\"\" width=\"300\" height=\"188\" srcset=\"https:\/\/www.unesen.ca\/press\/wp-content\/uploads\/2019\/04\/FederalBudget-f-300x188.png 300w, https:\/\/www.unesen.ca\/press\/wp-content\/uploads\/2019\/04\/FederalBudget-f.png 600w\" sizes=\"(max-width: 300px) 100vw, 300px\" \/><\/a><\/p>\n<p style=\"text-align: left;\">En guise de compl\u00e9ment \u00e0 l\u2019<a href=\"http:\/\/syndicatafpc.ca\/analyse-du-budget-federal-2019-ce-que-vous-devez?_ga=2.114273473.716474652.1554211935-1341011334.1510087832\" target=\"_blank\" rel=\"noopener noreferrer\">analyse de l\u2019AFPC<\/a>, le SEN a examin\u00e9 le budget f\u00e9d\u00e9ral de 2019. Voici un r\u00e9sum\u00e9 des mesures qui vous touchent en tant que membres du SEN.<\/p>\n<p style=\"text-align: left;\"><strong>Ph\u00e9nix et ProGen<\/strong><\/p>\n<p style=\"text-align: left;\">\u00ab\u2009Afin de poursuivre l\u2019avancement de la stabilisation du syst\u00e8me de paye actuel, le budget de 2019 fournit un montant suppl\u00e9mentaire de 21,7 millions de dollars en 2018-2019 dans le but d\u2019aborder les pressions urgentes sur l\u2019administration de la paye (provenant en partie des fonds minist\u00e9riels existants). Il propose aussi d\u2019investir 523,3 millions de dollars suppl\u00e9mentaires sur cinq ans, \u00e0 compter de 2019-2020, afin de veiller \u00e0 ce que les ressources ad\u00e9quates soient consacr\u00e9es \u00e0 la r\u00e9solution des erreurs de paye. \u00bb<\/p>\n<p style=\"text-align: left;\">L\u2019AFPC et le SEN se r\u00e9jouissent de ces mesures de financement suppl\u00e9mentaires visant \u00e0 corriger le fiasco Ph\u00e9nix, mais l\u2019<a href=\"http:\/\/syndicatafpc.ca\/budget-2019-plus-fonds-pas-assez-mettre-fin?_ga=2.253442569.1077433771.1554209636-1199032921.1554209636.\" target=\"_blank\" rel=\"noopener noreferrer\">AFPC estime que<\/a> \u00ab c\u2019est loin d\u2019\u00eatre suffisant pour mettre fin au cauchemar que vivent les fonctionnaires canadiens \u00bb.<\/p>\n<p style=\"text-align: left;\">Nous sommes heureux que l\u2019Agence du revenu du Canada re\u00e7oive 9,2 millions de dollars suppl\u00e9mentaires en 2019-2020 pour les demandes de renseignements t\u00e9l\u00e9phoniques.<\/p>\n<p style=\"text-align: left;\">Pour ce qui est de ProGen, le plan budg\u00e9taire n\u2019est pas tr\u00e8s d\u00e9taill\u00e9, mais pr\u00e9cise que les syndicats de la fonction publique seront consult\u00e9s durant le processus d\u2019examen.<\/p>\n<p style=\"text-align: left;\"><strong>\u00c9galit\u00e9 des genres<\/strong><\/p>\n<p style=\"text-align: left;\">L\u2019analyse comparative entre les sexes plus (ACS+) est un projet en cours, et le budget de 2019 alloue 1,5 million de dollars au Secr\u00e9tariat du Conseil du Tr\u00e9sor (SCT) sur cinq ans. Le SCT travaillera avec d\u2019autres minist\u00e8res pour recueillir des donn\u00e9es aux fins de l\u2019ACS+.<\/p>\n<p style=\"text-align: left;\">Le nouveau minist\u00e8re des Femmes et de l\u2019\u00c9galit\u00e9 des genres recevra 160 millions de dollars sur cinq ans. Cet important investissement renforcera son mandat.<\/p>\n<p style=\"text-align: left;\"><strong>Financement suppl\u00e9mentaire pour le Secr\u00e9tariat LGBTQ2+<\/strong><\/p>\n<p style=\"text-align: left;\">On affectera 3,6 millions de dollars sur trois ans au Secr\u00e9tariat LGBTQ2+. Le Secr\u00e9tariat collabore avec les intervenants pour \u00ab \u00e9clairer les activit\u00e9s du gouvernement sur les enjeux li\u00e9s \u00e0 l\u2019orientation sexuelle, \u00e0 l\u2019identit\u00e9 de genre et \u00e0 l\u2019expression de genre \u00bb.<\/p>\n<p style=\"text-align: left;\"><strong>Soutien des travailleuses et travailleurs racialis\u00e9s<\/strong><\/p>\n<p style=\"text-align: left;\">L\u2019AFPC et le SEN se r\u00e9jouissent de l\u2019investissement de 45 millions de dollars sur trois ans pour soutenir une nouvelle strat\u00e9gie de lutte contre le racisme et la cr\u00e9ation d\u2019un secr\u00e9tariat de lutte contre le racisme pangouvernemental. Nous esp\u00e9rons que le gouvernement int\u00e9grera les recommandations de l\u2019AFPC \u00e0 l\u2019\u00e9gard de la prise d\u2019un engagement plus ferme relativement \u00e0 l\u2019\u00e9quit\u00e9 en mati\u00e8re d\u2019emploi, \u00e0 l\u2019accessibilit\u00e9 et \u00e0 la transparence des processus de dotation et \u00e0 la r\u00e9conciliation avec les peuples autochtones. Autre bonne nouvelle : le budget de 2019 pr\u00e9voit 25 millions de dollars sur cinq ans pour des projets visant \u00e0 c\u00e9l\u00e9brer les communaut\u00e9s dynamiques des Canadiennes et Canadiens noirs, \u00e9changer des connaissances avec elles et renforcer leurs capacit\u00e9s.<\/p>\n<p style=\"text-align: left;\"><strong>Parcs Canada<\/strong><\/p>\n<p style=\"text-align: left;\">Nous lisons \u00e0 la page 300 que 19 millions de dollars seront affect\u00e9s \u00e0 des projets d\u2019immobilisation dans les parcs nationaux, les aires marines nationales de conservation et les sites historiques nationaux. Cela ne dissipe pas certaines des importantes pr\u00e9occupations soulev\u00e9es dans <a href=\"https:\/\/www.cbc.ca\/news\/politics\/parks-canada-real-estate-1.5043533\" target=\"_blank\" rel=\"noopener noreferrer\">un rapport command\u00e9 par Parcs Canada<\/a> (en anglais seulement). L\u2019Agence a \u00ab diff\u00e9r\u00e9 jusqu\u2019\u00e0 concurrence de 9,5 millions de dollars de travaux grandement n\u00e9cessaires \u2013 et devrait d\u00e9penser jusqu\u2019\u00e0 3,3 millions de dollars en sus pour faire face \u00e0 la menace du changement climatique \u00bb. \u00ab Apr\u00e8s examen, 24 pour cent des actifs ont \u00e9t\u00e9 \u00e9valu\u00e9s comme \u00e9tant en bonne condition, 36 pour cent en condition moyenne et 40 pour cent en mauvaise ou tr\u00e8s mauvaise condition \u00bb, peut-on lire dans le rapport. En d\u2019autres mots, le budget n\u2019aborde pas l\u2019un des probl\u00e8mes syst\u00e9miques auxquels fait face Parcs Canada depuis des ann\u00e9es.<\/p>\n<p style=\"text-align: left;\"><strong>Absence de mesures \u00e0 l\u2019endroit des travailleuses et travailleurs en situation pr\u00e9caire<\/strong><\/p>\n<p style=\"text-align: left;\">Le budget manque de mesures permettant de r\u00e9gler le probl\u00e8me du recours \u00e0 des agences de placement temporaire et \u00e0 des employ\u00e9s temporaires, et de prot\u00e9ger les travailleuses et travailleurs les plus vuln\u00e9rables gr\u00e2ce \u00e0 un r\u00e9gime d\u2019indemnisation des travailleuses et travailleurs f\u00e9d\u00e9raux.<\/p>\n<p style=\"text-align: left;\"><strong>Tribunal de la s\u00e9curit\u00e9 sociale<\/strong><\/p>\n<p style=\"text-align: left;\">\u00c0 la suite des recommandations d\u00e9coulant d\u2019un examen ind\u00e9pendant r\u00e9alis\u00e9 en 2017 par le Tribunal de la s\u00e9curit\u00e9 sociale du Canada et des commentaires formul\u00e9s par des Canadiennes et Canadiens dans le cadre de consultations, le gouvernement essaie de r\u00e9gler une situation cr\u00e9\u00e9e par le gouvernement Harper. \u00ab Afin de rendre le processus de recours en mati\u00e8re d\u2019assurance-emploi, de RPC et de SV plus facile \u00e0 suivre et plus r\u00e9ceptif aux besoins des Canadiens, le budget de 2019 propose d\u2019investir 253,8 millions de dollars sur cinq ans, \u00e0 compter de 2019-2020, et 56,7 millions par ann\u00e9e par la suite. \u00bb<\/p>\n<p style=\"text-align: left;\"><a href=\"https:\/\/www.nationalnewswatch.com\/2019\/03\/21\/liberals-pledge-253-million-to-undo-tory-era-changes-to-benefits-tribunal-3\/#.XKPCZvZFyUn\" target=\"_blank\" rel=\"noopener noreferrer\">Monsieur Duclos, ministre de la Famille, des Enfants et du D\u00e9veloppement social, a r\u00e9cemment d\u00e9clar\u00e9<\/a> (en anglais seulement) que le gouvernement ram\u00e8nera les audiences de trois personnes pour la premi\u00e8re s\u00e9rie d\u2019appels concernant les prestations \u2014 dans un organe distinct du Tribunal \u2014 et maintiendrait l\u2019arbitre unique pour la deuxi\u00e8me et derni\u00e8re s\u00e9rie. Le SEN se r\u00e9jouit de ce financement.<\/p>\n<p style=\"text-align: left;\"><strong>R\u00e9gime de soins dentaires de la fonction publique<\/strong><\/p>\n<p style=\"text-align: left;\">L\u2019am\u00e9lioration de la couverture du r\u00e9gime de soins dentaires suit une <a href=\"http:\/\/syndicatafpc.ca\/victoire-lafpc-obtient-dimportantes-ameliorations?_ga=2.198931887.1077433771.1554209636-1199032921.1554209636\" target=\"_blank\" rel=\"noopener noreferrer\">importante victoire de l\u2019AFPC<\/a>. Apr\u00e8s des n\u00e9gociations et un processus d\u2019arbitrage de longue dur\u00e9e, l\u2019AFPC a obtenu une d\u00e9cision arbitrale favorable concernant le r\u00e9gime de soins dentaires de la fonction publique \u00e0 la fin de l\u2019ann\u00e9e derni\u00e8re.<\/p>\n<p style=\"text-align: left;\"><strong>Promouvoir l\u2019inclusivit\u00e9 en milieu de travail<\/strong><\/p>\n<p style=\"text-align: left;\">Le gouvernement s\u2019est engag\u00e9 \u00e0 verser 12 millions de dollars sur trois ans pour offrir des possibilit\u00e9s d\u2019emplois \u00e0 des personnes ayant une d\u00e9ficience intellectuelle ou \u00e9tant atteintes du trouble du spectre de l\u2019autisme (TSA).<\/p>\n<p style=\"text-align: left;\">Quant aux milieux de travail f\u00e9d\u00e9raux, le gouvernement s\u2019est engag\u00e9 \u00e0 embaucher au moins 5 000 personnes handicap\u00e9es au cours des cinq prochaines ann\u00e9es. Pour atteindre cet objectif, il d\u00e9pensera la somme de 13,7 millions de dollars au cours de cette p\u00e9riode.<\/p>\n<p style=\"text-align: left;\"><strong>Dotation \u00e0 Immigration, R\u00e9fugi\u00e9s et Citoyennet\u00e9 Canada<\/strong><\/p>\n<p style=\"text-align: left;\">Nous accueillons favorablement les investissements en dotation \u00e0 Immigration, R\u00e9fugi\u00e9s et Citoyennet\u00e9 Canada (IRCC).<\/p>\n<p style=\"text-align: left;\"><strong>Collectivit\u00e9s autochtones \u00e0 l\u2019\u00e9chelle du Canada<\/strong><\/p>\n<p style=\"text-align: left;\">Le budget de 2019 inclut 24 mesures visant les peuples autochtones, lesquelles totalisent environ 4,7 milliards de dollars. Mesures prises par le gouvernement f\u00e9d\u00e9ral \u00e0 l\u2019\u00e9gard des peuples autochtones :<\/p>\n<ul>\n<li style=\"text-align: left;\">127 millions de dollars pour la cr\u00e9ation du Conseil national pour la r\u00e9conciliation<\/li>\n<li style=\"text-align: left;\">1,2 milliard de dollars sur trois ans pour le principe de Jordan<\/li>\n<li style=\"text-align: left;\">739 millions de dollars sur cinq ans pour l\u2019eau<\/li>\n<li style=\"text-align: left;\">333,7 millions de dollars sur cinq ans et 115,7 millions de dollars par la suite pour la mise en \u0153uvre de la <em>Loi concernant les langues autochtones<\/em><\/li>\n<li style=\"text-align: left;\">\u00a0327,7 millions de dollars sur cinq ans pour les \u00e9tudes postsecondaires<\/li>\n<li style=\"text-align: left;\">Radiation des pr\u00eats, remboursement pour les revendications globales et recherche pour les revendications particuli\u00e8res<\/li>\n<\/ul>\n<p>Comme il a \u00e9t\u00e9 soulign\u00e9 dans l\u2019article de l\u2019AFPC, \u00ab le budget 2019 ne pr\u00e9voit rien pour les organismes de femmes qui mettront en \u0153uvre les recommandations \u00e9manant de l\u2019Enqu\u00eate [nationale sur les femmes et les filles autochtones disparues et assassin\u00e9es]. C\u2019est une lacune flagrante. \u00bb<\/p>\n<p><strong>Nord du Canada<\/strong><\/p>\n<p>Le budget de 2019 insiste sur quatre aspects :<\/p>\n<ul>\n<li>Personnes : possibilit\u00e9s d\u2019\u00e9tudes postsecondaires \u00e9tendues; \u00e9tablissement d\u2019un fonds pour les initiatives des communaut\u00e9s nordiques sur cinq ans; prise de mesures pour am\u00e9liorer la sant\u00e9 et le bien-\u00eatre des gens<\/li>\n<li>D\u00e9veloppement \u00e9conomique : prise de mesures au chapitre de l\u2019exploitation des ressources, de l\u2019innovation et de la croissance des entreprises<\/li>\n<li>Infrastructure : l\u2019une des annonces majeures concerne le r\u00e9tablissement du service ferroviaire \u00e0 Churchill, au Manitoba; financement suppl\u00e9mentaire pour plus d\u2019infrastructures, des \u00e9nergies plus propres et un acc\u00e8s \u00e0 Internet haute vitesse<\/li>\n<li>Sciences et environnement : plus de soutien \u00e0 l\u2019\u00e9gard des sciences et de la recherche, et conservation du milieu arctique<\/li>\n<\/ul>\n","protected":false},"excerpt":{"rendered":"<p>En guise de compl\u00e9ment \u00e0 l\u2019analyse de l\u2019AFPC, le SEN a examin\u00e9 le budget f\u00e9d\u00e9ral de 2019. Voici un r\u00e9sum\u00e9 des mesures qui vous touchent en tant que membres du SEN. Ph\u00e9nix et ProGen \u00ab\u2009Afin de poursuivre l\u2019avancement de la stabilisation du syst\u00e8me de paye actuel, le budget de 2019 fournit un montant suppl\u00e9mentaire de &hellip; <\/p>\n<p class=\"link-more\"><a href=\"https:\/\/www.unesen.ca\/press\/?p=7193&#038;lang=fr\" class=\"more-link\">>><span class=\"screen-reader-text\"> &#8220;Budget f\u00e9d\u00e9ral de 2019&#8221;<\/span><\/a><\/p>\n","protected":false},"author":6,"featured_media":0,"comment_status":"closed","ping_status":"open","sticky":false,"template":"","format":"standard","meta":{"_links_to":"","_links_to_target":""},"categories":[],"tags":[],"_links":{"self":[{"href":"https:\/\/www.unesen.ca\/press\/index.php?rest_route=\/wp\/v2\/posts\/7193"}],"collection":[{"href":"https:\/\/www.unesen.ca\/press\/index.php?rest_route=\/wp\/v2\/posts"}],"about":[{"href":"https:\/\/www.unesen.ca\/press\/index.php?rest_route=\/wp\/v2\/types\/post"}],"author":[{"embeddable":true,"href":"https:\/\/www.unesen.ca\/press\/index.php?rest_route=\/wp\/v2\/users\/6"}],"replies":[{"embeddable":true,"href":"https:\/\/www.unesen.ca\/press\/index.php?rest_route=%2Fwp%2Fv2%2Fcomments&post=7193"}],"version-history":[{"count":5,"href":"https:\/\/www.unesen.ca\/press\/index.php?rest_route=\/wp\/v2\/posts\/7193\/revisions"}],"predecessor-version":[{"id":7201,"href":"https:\/\/www.unesen.ca\/press\/index.php?rest_route=\/wp\/v2\/posts\/7193\/revisions\/7201"}],"wp:attachment":[{"href":"https:\/\/www.unesen.ca\/press\/index.php?rest_route=%2Fwp%2Fv2%2Fmedia&parent=7193"}],"wp:term":[{"taxonomy":"category","embeddable":true,"href":"https:\/\/www.unesen.ca\/press\/index.php?rest_route=%2Fwp%2Fv2%2Fcategories&post=7193"},{"taxonomy":"post_tag","embeddable":true,"href":"https:\/\/www.unesen.ca\/press\/index.php?rest_route=%2Fwp%2Fv2%2Ftags&post=7193"}],"curies":[{"name":"wp","href":"https:\/\/api.w.org\/{rel}","templated":true}]}}