{"id":7149,"date":"2019-03-26T13:01:31","date_gmt":"2019-03-26T18:01:31","guid":{"rendered":"http:\/\/fr.une-sen.org\/press\/?p=7149"},"modified":"2019-03-26T13:01:31","modified_gmt":"2019-03-26T18:01:31","slug":"conference-des-presidentes-et-presidents-des-sections-locales-cest-termine","status":"publish","type":"post","link":"https:\/\/www.unesen.ca\/press\/?p=7149&amp;lang=fr","title":{"rendered":"Conf\u00e9rence des pr\u00e9sidentes et pr\u00e9sidents des sections locales \u2013 C\u2019est termin\u00e9"},"content":{"rendered":"<p><img loading=\"lazy\" class=\"alignnone size-full wp-image-7150\" src=\"http:\/\/www.une-sen.org\/press\/wp-content\/uploads\/2019\/03\/LPCforWeb-f.png\" alt=\"\" width=\"600\" height=\"375\" srcset=\"https:\/\/www.unesen.ca\/press\/wp-content\/uploads\/2019\/03\/LPCforWeb-f.png 600w, https:\/\/www.unesen.ca\/press\/wp-content\/uploads\/2019\/03\/LPCforWeb-f-300x188.png 300w\" sizes=\"(max-width: 600px) 100vw, 600px\" \/><\/p>\n<p>Le SEN aimerait remercier les 180\u00a0membres qui ont assist\u00e9 \u00e0 la Conf\u00e9rence des pr\u00e9sidentes et pr\u00e9sidents des sections locales du SEN cette ann\u00e9e.<\/p>\n<p>Au cours de la fin de semaine, les participantes et participants ont entendu plusieurs conf\u00e9renciers impressionnants qui ont pris part \u00e0 des discussions de groupe et qui se sont r\u00e9unis avec les employeurs et en caucus r\u00e9gionaux.<\/p>\n<p>Vendredi, Omar Murray, de Maple Creek, en Saskatchewan, a pr\u00e9sent\u00e9 une revue percutante de la gr\u00e8ve g\u00e9n\u00e9rale de Winnipeg de 1919. Larry Rousseau, du CTC, a ensuite enflamm\u00e9 encore davantage le groupe avant que l\u2019on se rende en autobus au bureau du premier ministre pour transmettre des messages de soutien aux \u00e9quipes de n\u00e9gociation, de consternation en raison du fiasco de Ph\u00e9nix et de solidarit\u00e9 avec les Canadiens autochtones qui se r\u00e9jouissent du projet de loi C-262.<\/p>\n<p>Au retour de la manifestation, les participantes et participants ont entendu une d\u00e9put\u00e9e du NPD, M<sup>me<\/sup>\u00a0Ruth Ellen Brosseau, qui a parl\u00e9 de sa mont\u00e9e en politique et a racont\u00e9 comment elle conteste le gouvernement lib\u00e9ral actuel. Puis, on a tenu des ateliers au sein de groupes d\u2019employeurs avant de terminer une premi\u00e8re journ\u00e9e compl\u00e8te bien remplie.<\/p>\n<p>Samedi, on a donn\u00e9 le coup d\u2019envoi avec les caucus r\u00e9gionaux suivis d\u2019un expos\u00e9 pr\u00e9sent\u00e9 par M.\u00a0Alexandre St-Jean du Bureau de l\u2019ombudsman, de l\u2019\u00e9thique et de la r\u00e9solution de conflit du Conseil du Tr\u00e9sor. La matin\u00e9e s\u2019est termin\u00e9e par une discussion de groupe sur l\u2019obligation de prendre des mesures d\u2019adaptation avec les agentes et agents des relations de travail du SEN \u00e0 l\u2019\u00e9chelle nationale.<\/p>\n<p>En apr\u00e8s-midi, les participantes et participants ont travaill\u00e9 en petits groupes pour en apprendre davantage sur les d\u00e9fis auxquels ils font face, les exp\u00e9riences qu\u2019ils vivent et les outils dont ils disposent en tant que pr\u00e9sidentes et pr\u00e9sidents des sections locales.<\/p>\n<p>Dimanche matin, cinq repr\u00e9sentantes nationales et repr\u00e9sentants nationaux de l&#8217;\u00e9quit\u00e9 en mati\u00e8re de droit de la personne ont parl\u00e9 de leurs exp\u00e9riences personnelles et de l\u2019importance de l\u2019inclusion \u00e0 l\u2019\u00e9chelle locale, r\u00e9gionale et nationale.<\/p>\n<p>Le pr\u00e9sident national du SEN, Kevin King, a conclu la Conf\u00e9rence.<\/p>\n<p>Les ressources de la Conf\u00e9rence sont accessibles sur le site Web du SEN \u00e0 l\u2019adresse suivante\u00a0: <a href=\"http:\/\/fr.une-sen.org\/events\/conferences\/index.php\">http:\/\/fr.une-sen.org\/events\/conferences\/index.php<\/a>.<\/p>\n<p>Les \u00e9v\u00e9nements de l\u2019\u00c9l\u00e9ment se concentreront sur une s\u00e9rie de colloques r\u00e9gionaux et la prochaine Conf\u00e9rence des femmes pr\u00e9vue du 10 au 12\u00a0septembre\u00a02019.<\/p>\n<p>&nbsp;<\/p>\n<p><strong>Ressources<\/strong><\/p>\n<p>Documentaire de la CBC sur la gr\u00e8ve g\u00e9n\u00e9rale de Winnipeg (anglais seulement)<br \/>\n<a href=\"https:\/\/youtu.be\/V1_oKcXn8vs\">https:\/\/youtu.be\/V1_oKcXn8vs<\/a><\/p>\n<p>P\u00e9tition en ligne pour les art\u00e9facts historiques de Parcs Canada \u2014 <a href=\"https:\/\/petitions.noscommunes.ca\/fr\/Petition\/Details?Petition=e-2048\">https:\/\/petitions.noscommunes.ca\/fr\/Petition\/Details?Petition=e-2048<\/a><\/p>\n<p>M<sup>me<\/sup>\u00a0Ruth Ellen Brosseau, d\u00e9put\u00e9e de Berthier\u2011Maskinong\u00e9 (Qu\u00e9bec)<br \/>\n<a href=\"https:\/\/www.noscommunes.ca\/Parliamentarians\/fr\/members\/Ruth-Ellen-Brosseau(71357)\">https:\/\/www.noscommunes.ca\/Parliamentarians\/fr\/members\/Ruth-Ellen-Brosseau(71357)<\/a><\/p>\n<p>Larry Rousseau, vice-pr\u00e9sident ex\u00e9cutif, CTC<br \/>\n<a href=\"http:\/\/congresdutravail.ca\/%C3%A0-propos-du-ctc\/nos-dirigeantes-et-dirigeants\/larry-rousseau-vice-president-executif\">http:\/\/congresdutravail.ca\/%C3%A0-propos-du-ctc\/nos-dirigeantes-et-dirigeants\/larry-rousseau-vice-president-executif<\/a><\/p>\n<p>Des photographies de la Conf\u00e9rence sont accessibles sur la page Facebook du SEN :\u00a0 <a href=\"https:\/\/www.facebook.com\/Union.NE.Syndicat.EN\/\">https:\/\/www.facebook.com\/Union.NE.Syndicat.EN\/<\/a><\/p>\n<p>Et sur Instagram:<br \/>\n<a href=\"https:\/\/www.instagram.com\/une.sen\/\">https:\/\/www.instagram.com\/une.sen\/<\/a><\/p>\n","protected":false},"excerpt":{"rendered":"<p>Le SEN aimerait remercier les 180\u00a0membres qui ont assist\u00e9 \u00e0 la Conf\u00e9rence des pr\u00e9sidentes et pr\u00e9sidents des sections locales du SEN cette ann\u00e9e. Au cours de la fin de semaine, les participantes et participants ont entendu plusieurs conf\u00e9renciers impressionnants qui ont pris part \u00e0 des discussions de groupe et qui se sont r\u00e9unis avec les &hellip; <\/p>\n<p class=\"link-more\"><a href=\"https:\/\/www.unesen.ca\/press\/?p=7149&#038;lang=fr\" class=\"more-link\">>><span class=\"screen-reader-text\"> &#8220;Conf\u00e9rence des pr\u00e9sidentes et pr\u00e9sidents des sections locales \u2013 C\u2019est termin\u00e9&#8221;<\/span><\/a><\/p>\n","protected":false},"author":2,"featured_media":0,"comment_status":"closed","ping_status":"open","sticky":false,"template":"","format":"standard","meta":{"_links_to":"","_links_to_target":""},"categories":[],"tags":[],"_links":{"self":[{"href":"https:\/\/www.unesen.ca\/press\/index.php?rest_route=\/wp\/v2\/posts\/7149"}],"collection":[{"href":"https:\/\/www.unesen.ca\/press\/index.php?rest_route=\/wp\/v2\/posts"}],"about":[{"href":"https:\/\/www.unesen.ca\/press\/index.php?rest_route=\/wp\/v2\/types\/post"}],"author":[{"embeddable":true,"href":"https:\/\/www.unesen.ca\/press\/index.php?rest_route=\/wp\/v2\/users\/2"}],"replies":[{"embeddable":true,"href":"https:\/\/www.unesen.ca\/press\/index.php?rest_route=%2Fwp%2Fv2%2Fcomments&post=7149"}],"version-history":[{"count":1,"href":"https:\/\/www.unesen.ca\/press\/index.php?rest_route=\/wp\/v2\/posts\/7149\/revisions"}],"predecessor-version":[{"id":7151,"href":"https:\/\/www.unesen.ca\/press\/index.php?rest_route=\/wp\/v2\/posts\/7149\/revisions\/7151"}],"wp:attachment":[{"href":"https:\/\/www.unesen.ca\/press\/index.php?rest_route=%2Fwp%2Fv2%2Fmedia&parent=7149"}],"wp:term":[{"taxonomy":"category","embeddable":true,"href":"https:\/\/www.unesen.ca\/press\/index.php?rest_route=%2Fwp%2Fv2%2Fcategories&post=7149"},{"taxonomy":"post_tag","embeddable":true,"href":"https:\/\/www.unesen.ca\/press\/index.php?rest_route=%2Fwp%2Fv2%2Ftags&post=7149"}],"curies":[{"name":"wp","href":"https:\/\/api.w.org\/{rel}","templated":true}]}}