{"id":7123,"date":"2019-03-20T14:50:05","date_gmt":"2019-03-20T19:50:05","guid":{"rendered":"http:\/\/fr.une-sen.org\/press\/?p=7123"},"modified":"2019-03-21T09:50:37","modified_gmt":"2019-03-21T14:50:37","slug":"petition-electronique-au-gouvernement-federal-parcs-canada-et-artefacts-historiques-et-culturels","status":"publish","type":"post","link":"https:\/\/www.unesen.ca\/press\/?p=7123&amp;lang=fr","title":{"rendered":"P\u00e9tition \u00e9lectronique au gouvernement f\u00e9d\u00e9ral &#8211; Parcs Canada et art\u00e9facts historiques et culturels"},"content":{"rendered":"<p style=\"text-align: center;\"><a href=\"http:\/\/www.une-sen.org\/press\/wp-content\/uploads\/2019\/03\/Petition-1.png\"><img loading=\"lazy\" class=\"alignnone size-medium wp-image-7140\" src=\"http:\/\/www.une-sen.org\/press\/wp-content\/uploads\/2019\/03\/Petition-1-300x188.png\" alt=\"\" width=\"300\" height=\"188\" srcset=\"https:\/\/www.unesen.ca\/press\/wp-content\/uploads\/2019\/03\/Petition-1-300x188.png 300w, https:\/\/www.unesen.ca\/press\/wp-content\/uploads\/2019\/03\/Petition-1.png 600w\" sizes=\"(max-width: 300px) 100vw, 300px\" \/><\/a><\/p>\n<p style=\"text-align: center;\"><strong><a href=\"https:\/\/petitions.noscommunes.ca\/fr\/Petition\/Details?Petition=e-2048\" target=\"_blank\" rel=\"noopener noreferrer\">E-2048 (Patrimoine Canadien<\/a>)<\/strong><\/p>\n<p><strong><em>La p\u00e9riode de signature est ouverte jusqu&#8217;au 25 juin 2019 \u00e0 16 h 56 (HAE)<\/em> <\/strong><\/p>\n<p>Attendu que :<\/p>\n<ul>\n<li>Parcs Canada est responsable de la conservation d\u2019un grand nombre d\u2019art\u00e9facts historiques et culturels produits par des communaut\u00e9s diverses partout au Canada;<\/li>\n<li>Le fait de bien comprendre les traditions est un \u00e9l\u00e9ment essentiel de la c\u00e9l\u00e9bration et de la pr\u00e9servation des identit\u00e9s culturelles, r\u00e9gionales et ethniques comme celle des M\u00e9tis;<\/li>\n<li>Les art\u00e9facts sont conserv\u00e9s dans des centres r\u00e9gionaux (p.ex. Winnipeg) pour que des chercheurs, des membres des communaut\u00e9s qui en sont \u00e0 l\u2019origine et les sites historiques locaux puissent y acc\u00e9der;<\/li>\n<li>Le projet de centralisation des collections de Parcs Canada \u00e0 Gatineau emp\u00eachera les chercheurs et les membres des communaut\u00e9s locaux d\u2019acc\u00e9der et d\u2019\u00e9tudier les art\u00e9facts et de mieux comprendre leur propre pass\u00e9;<\/li>\n<li>Le retrait d\u2019art\u00e9facts historiques locaux aura des r\u00e9percussions permanentes sur les traditions r\u00e9gionales et culturelles qui ont tiss\u00e9 le multiculturalisme au Canada;<\/li>\n<li>Le retrait de force des biens culturels pour les tenir hors d\u2019acc\u00e8s des communaut\u00e9s autochtones est un acte de colonisation qui va \u00e0 l\u2019encontre de l\u2019Appel \u00e0 l\u2019action de la Commission de v\u00e9rit\u00e9 et r\u00e9conciliation.<\/li>\n<\/ul>\n<p><strong>Nous soussign\u00e9s, citoyens et r\u00e9sidents du Canada et de Kildonan\u2014St Paul, prions le gouvernement du Canada a) de s\u2019engager \u00e0 conserver tous les art\u00e9facts historiques dans leur contexte pour qu\u2019ils demeurent accessibles aux chercheurs et aux membres des communaut\u00e9s qui en sont \u00e0 l\u2019origine; b) d\u2019annuler les plans de centralisation des art\u00e9facts et des ressources historiques de Parcs Canada dans un seul \u00e9tablissement \u00e0 Gatineau; c) de s\u2019engager \u00e0 conserver des \u00e9tablissements r\u00e9gionaux pour l\u2019entreposage et la conservation des art\u00e9facts au Manitoba.<\/strong><\/p>\n<p style=\"text-align: center;\"><a href=\"https:\/\/petitions.noscommunes.ca\/fr\/Petition\/Sign\/e-2048\" target=\"_blank\" rel=\"noopener noreferrer\"><strong>SIGNEZ LA P\u00c9TITION<\/strong><\/a><\/p>\n","protected":false},"excerpt":{"rendered":"<p>E-2048 (Patrimoine Canadien) La p\u00e9riode de signature est ouverte jusqu&#8217;au 25 juin 2019 \u00e0 16 h 56 (HAE) Attendu que : Parcs Canada est responsable de la conservation d\u2019un grand nombre d\u2019art\u00e9facts historiques et culturels produits par des communaut\u00e9s diverses partout au Canada; Le fait de bien comprendre les traditions est un \u00e9l\u00e9ment essentiel de &hellip; <\/p>\n<p class=\"link-more\"><a href=\"https:\/\/www.unesen.ca\/press\/?p=7123&#038;lang=fr\" class=\"more-link\">>><span class=\"screen-reader-text\"> &#8220;P\u00e9tition \u00e9lectronique au gouvernement f\u00e9d\u00e9ral &#8211; Parcs Canada et art\u00e9facts historiques et culturels&#8221;<\/span><\/a><\/p>\n","protected":false},"author":6,"featured_media":0,"comment_status":"closed","ping_status":"open","sticky":false,"template":"","format":"standard","meta":{"_links_to":"","_links_to_target":""},"categories":[],"tags":[],"_links":{"self":[{"href":"https:\/\/www.unesen.ca\/press\/index.php?rest_route=\/wp\/v2\/posts\/7123"}],"collection":[{"href":"https:\/\/www.unesen.ca\/press\/index.php?rest_route=\/wp\/v2\/posts"}],"about":[{"href":"https:\/\/www.unesen.ca\/press\/index.php?rest_route=\/wp\/v2\/types\/post"}],"author":[{"embeddable":true,"href":"https:\/\/www.unesen.ca\/press\/index.php?rest_route=\/wp\/v2\/users\/6"}],"replies":[{"embeddable":true,"href":"https:\/\/www.unesen.ca\/press\/index.php?rest_route=%2Fwp%2Fv2%2Fcomments&post=7123"}],"version-history":[{"count":6,"href":"https:\/\/www.unesen.ca\/press\/index.php?rest_route=\/wp\/v2\/posts\/7123\/revisions"}],"predecessor-version":[{"id":7142,"href":"https:\/\/www.unesen.ca\/press\/index.php?rest_route=\/wp\/v2\/posts\/7123\/revisions\/7142"}],"wp:attachment":[{"href":"https:\/\/www.unesen.ca\/press\/index.php?rest_route=%2Fwp%2Fv2%2Fmedia&parent=7123"}],"wp:term":[{"taxonomy":"category","embeddable":true,"href":"https:\/\/www.unesen.ca\/press\/index.php?rest_route=%2Fwp%2Fv2%2Fcategories&post=7123"},{"taxonomy":"post_tag","embeddable":true,"href":"https:\/\/www.unesen.ca\/press\/index.php?rest_route=%2Fwp%2Fv2%2Ftags&post=7123"}],"curies":[{"name":"wp","href":"https:\/\/api.w.org\/{rel}","templated":true}]}}