{"id":7116,"date":"2019-03-19T16:36:24","date_gmt":"2019-03-19T21:36:24","guid":{"rendered":"http:\/\/www.une-sen.org\/press\/?p=7116"},"modified":"2019-03-19T16:36:24","modified_gmt":"2019-03-19T21:36:24","slug":"budget-2019-plus-de-fonds-mais-pas-assez-pour-mettre-fin-au-cauchemar-phenix-et-dedommager-les-fonctionnaires","status":"publish","type":"post","link":"https:\/\/www.unesen.ca\/press\/?p=7116&amp;lang=fr","title":{"rendered":"Budget 2019 : Plus de fonds, mais pas assez pour mettre fin au cauchemar Ph\u00e9nix et d\u00e9dommager les fonctionnaires"},"content":{"rendered":"<p>Le budget 2019 pr\u00e9voit des sommes suppl\u00e9mentaires pour corriger le fiasco Ph\u00e9nix, mais l\u2019AFPC estime que c\u2019est loin d\u2019\u00eatre suffisant pour mettre fin au cauchemar que vivent les fonctionnaires canadiens.<\/p>\n<p style=\"text-align: center;\"><a href=\"http:\/\/www.une-sen.org\/press\/wp-content\/uploads\/2019\/03\/rally12.jpg\"><img loading=\"lazy\" class=\"alignnone size-medium wp-image-7118\" src=\"http:\/\/www.une-sen.org\/press\/wp-content\/uploads\/2019\/03\/rally12-300x199.jpg\" alt=\"\" width=\"300\" height=\"199\" srcset=\"https:\/\/www.unesen.ca\/press\/wp-content\/uploads\/2019\/03\/rally12-300x199.jpg 300w, https:\/\/www.unesen.ca\/press\/wp-content\/uploads\/2019\/03\/rally12.jpg 480w\" sizes=\"(max-width: 300px) 100vw, 300px\" \/><\/a><\/p>\n<p>Que voulaient les quelque 200 000 fonctionnaires l\u00e9s\u00e9s par Ph\u00e9nix? Un financement \u00e0 long terme afin d\u2019\u00e9liminer l\u2019arri\u00e9r\u00e9, de d\u00e9dommager les travailleuses et travailleurs, de stabiliser le syst\u00e8me Ph\u00e9nix, et de concevoir, tester et lancer un nouveau syst\u00e8me de paye. Or, les montants pr\u00e9vus pour les quatre prochaines ann\u00e9es sont loin d\u2019\u00eatre suffisants pour atteindre ces objectifs. Et comme plus de 70 % seront d\u00e9pens\u00e9s au cours de la pr\u00e9sente ann\u00e9e financi\u00e8re, il n\u2019en restera gu\u00e8re pour les trois autres ann\u00e9es.<\/p>\n<p>Il y a plusieurs lacunes dans le budget 2019. D\u2019abord, il n\u2019y a pas d\u2019\u00e9ch\u00e9ancier pour la r\u00e9solution des probl\u00e8mes de paye. Ensuite, le gouvernement n\u2019a pris aucun engagement visant \u00e0 augmenter de fa\u00e7on permanente le nombre de fonctionnaires affect\u00e9s \u00e0 la stabilisation du syst\u00e8me. Il n\u2019y a rien non plus pour la conception et le d\u00e9ploiement d\u2019un nouveau syst\u00e8me de paye.<\/p>\n<p>\u00ab Apr\u00e8s des ann\u00e9es de constantes pressions, M. Trudeau a finalement compris le message et agi, d\u00e9clare Chris Aylward, pr\u00e9sident de l\u2019AFPC. Mais ce n\u2019est pas en avan\u00e7ant \u00e0 t\u00e2tons d\u2019ann\u00e9e en ann\u00e9e qu\u2019on accomplira de grands progr\u00e8s. Nos membres ont besoin d\u2019un plan \u00e0 long terme. \u00bb<\/p>\n<p>\u00ab Stabiliser Ph\u00e9nix prendra des ann\u00e9es et il y a encore des centaines de milliers de dossiers \u00e0 r\u00e9gler. Malheureusement, aucun financement n\u2019est pr\u00e9vu pour d\u00e9dommager les fonctionnaires l\u00e9s\u00e9s et mettre en \u0153uvre un nouveau syst\u00e8me. Ce n\u2019est clairement pas assez \u00bb<\/p>\n<p>\u00ab Jour apr\u00e8s jour, nos membres rentrent au travail pour fournir \u00e0 la population les services essentiels dont elle a besoin. Ils m\u00e9ritent que leur employeur \u2013 le gouvernement \u2013 les paye correctement et \u00e0 temps. Ils m\u00e9ritent aussi d\u2019\u00eatre indemnis\u00e9s pour les torts qui leur ont \u00e9t\u00e9 caus\u00e9s. \u00bb<\/p>\n<p>Source: <a href=\"http:\/\/syndicatafpc.ca\/budget-2019-plus-fonds-pas-assez-mettre-fin\">AFPC<\/a><\/p>\n","protected":false},"excerpt":{"rendered":"<p>Le budget 2019 pr\u00e9voit des sommes suppl\u00e9mentaires pour corriger le fiasco Ph\u00e9nix, mais l\u2019AFPC estime que c\u2019est loin d\u2019\u00eatre suffisant pour mettre fin au cauchemar que vivent les fonctionnaires canadiens. Que voulaient les quelque 200 000 fonctionnaires l\u00e9s\u00e9s par Ph\u00e9nix? Un financement \u00e0 long terme afin d\u2019\u00e9liminer l\u2019arri\u00e9r\u00e9, de d\u00e9dommager les travailleuses et travailleurs, de &hellip; <\/p>\n<p class=\"link-more\"><a href=\"https:\/\/www.unesen.ca\/press\/?p=7116&#038;lang=fr\" class=\"more-link\">>><span class=\"screen-reader-text\"> &#8220;Budget 2019 : Plus de fonds, mais pas assez pour mettre fin au cauchemar Ph\u00e9nix et d\u00e9dommager les fonctionnaires&#8221;<\/span><\/a><\/p>\n","protected":false},"author":6,"featured_media":0,"comment_status":"closed","ping_status":"open","sticky":false,"template":"","format":"standard","meta":{"_links_to":"","_links_to_target":""},"categories":[],"tags":[],"_links":{"self":[{"href":"https:\/\/www.unesen.ca\/press\/index.php?rest_route=\/wp\/v2\/posts\/7116"}],"collection":[{"href":"https:\/\/www.unesen.ca\/press\/index.php?rest_route=\/wp\/v2\/posts"}],"about":[{"href":"https:\/\/www.unesen.ca\/press\/index.php?rest_route=\/wp\/v2\/types\/post"}],"author":[{"embeddable":true,"href":"https:\/\/www.unesen.ca\/press\/index.php?rest_route=\/wp\/v2\/users\/6"}],"replies":[{"embeddable":true,"href":"https:\/\/www.unesen.ca\/press\/index.php?rest_route=%2Fwp%2Fv2%2Fcomments&post=7116"}],"version-history":[{"count":1,"href":"https:\/\/www.unesen.ca\/press\/index.php?rest_route=\/wp\/v2\/posts\/7116\/revisions"}],"predecessor-version":[{"id":7119,"href":"https:\/\/www.unesen.ca\/press\/index.php?rest_route=\/wp\/v2\/posts\/7116\/revisions\/7119"}],"wp:attachment":[{"href":"https:\/\/www.unesen.ca\/press\/index.php?rest_route=%2Fwp%2Fv2%2Fmedia&parent=7116"}],"wp:term":[{"taxonomy":"category","embeddable":true,"href":"https:\/\/www.unesen.ca\/press\/index.php?rest_route=%2Fwp%2Fv2%2Fcategories&post=7116"},{"taxonomy":"post_tag","embeddable":true,"href":"https:\/\/www.unesen.ca\/press\/index.php?rest_route=%2Fwp%2Fv2%2Ftags&post=7116"}],"curies":[{"name":"wp","href":"https:\/\/api.w.org\/{rel}","templated":true}]}}