{"id":7072,"date":"2019-03-18T14:42:52","date_gmt":"2019-03-18T19:42:52","guid":{"rendered":"http:\/\/fr.une-sen.org\/press\/?p=7072"},"modified":"2019-03-18T14:56:26","modified_gmt":"2019-03-18T19:56:26","slug":"journee-internationale-de-la-francophonie-mon20mars","status":"publish","type":"post","link":"https:\/\/www.unesen.ca\/press\/?p=7072&amp;lang=fr","title":{"rendered":"Journ\u00e9e internationale de la francophonie &#8211; #mon20mars"},"content":{"rendered":"<p style=\"text-align: center;\"><a href=\"http:\/\/www.une-sen.org\/press\/wp-content\/uploads\/2019\/03\/image-2.png\"><img loading=\"lazy\" class=\"alignnone size-medium wp-image-7074\" src=\"http:\/\/www.une-sen.org\/press\/wp-content\/uploads\/2019\/03\/image-2-300x200.png\" alt=\"\" width=\"300\" height=\"200\" srcset=\"https:\/\/www.unesen.ca\/press\/wp-content\/uploads\/2019\/03\/image-2-300x200.png 300w, https:\/\/www.unesen.ca\/press\/wp-content\/uploads\/2019\/03\/image-2.png 600w\" sizes=\"(max-width: 300px) 100vw, 300px\" \/><\/a><\/p>\n<p><em>Par le comit\u00e9 des francophones<\/em><\/p>\n<p>Pour souligner la Journ\u00e9e internationale de la francophonie, les membres francophones du Syndicat des employ\u00e9es et employ\u00e9s nationaux (SEN) souhaitent vous raconter l\u2019histoire de la cr\u00e9ation du comit\u00e9 permanent des francophones au sein de notre Syndicat.<\/p>\n<p>C\u2019est au Congr\u00e8s de l\u2019\u00c9l\u00e9ment national, aujourd\u2019hui le SEN, \u00e0 Toronto, en 2008, que cette initiative a commenc\u00e9 \u00e0 germer dans la t\u00eate de certain.e.s membres francophones de notre Syndicat \u00e0 la suite du mauvais traitement r\u00e9serv\u00e9 \u00e0 l\u2019une des deux langues officielles des Canadien.ne. s. Deux ann\u00e9es se sont \u00e9coul\u00e9es avant que des actions concr\u00e8tes voient le jour.<\/p>\n<p>Le samedi 14 ao\u00fbt 2010 \u00e0 la Conf\u00e9rence des droits de la personne \u00e0 Saskatoon, suite au m\u00e9contentement des participant.e.s francophones, il a \u00e9t\u00e9 convenu de rassembler une quinzaine de membres du Syndicat afin de discuter des situations probl\u00e9matiques et d\u2019essayer de trouver des solutions justes et \u00e9quitables. Daniel Kinsella, alors pr\u00e9sident national, a \u00e9t\u00e9 invit\u00e9 \u00e0 participer \u00e0 cette rencontre. C\u2019est ainsi que la premi\u00e8re rencontre du comit\u00e9 des francophones a eu lieu.<\/p>\n<p>Certaines situations soulev\u00e9es lors de cette conf\u00e9rence ont \u00e9t\u00e9 jug\u00e9es inacceptables et ont pouss\u00e9 les francophiles \u00e0 agir. Voici quelques exemples :<\/p>\n<p>&#8211; lors de l\u2019inscription \u00e9lectronique \u00e0 la Conf\u00e9rence en fran\u00e7ais compl\u00e9t\u00e9e, le programme informatis\u00e9 nous renvoyait toujours au site en anglais;<br \/>\n&#8211; l\u2019agence de voyages Saskatoon Coop n\u2019offrait ni de service bilingue ni de service en fran\u00e7ais;<br \/>\n&#8211; le nom de certain.e.s participant.e.s francophones \u00e9tait mal inscrit sur l\u2019identificateur de laissez-passer;<br \/>\n&#8211; les facilitatrices et facilitateurs d\u2019ateliers n\u2019\u00e9taient pas bilingues. Les documents d\u2019appui \u00e9taient disponibles seulement en anglais;<br \/>\n&#8211; lors des ateliers, les francophones non bilingues se partageaient les services d\u2019un.e seul.e interpr\u00e8te;<br \/>\n&#8211; l\u2019absence d\u2019interpr\u00e9tation simultan\u00e9e aux caucus et aux \u00e9lections;<br \/>\n&#8211; le journaliste qui effectuait les reportages \u00e9tait unilingue anglophone. Lorsque la personne interview\u00e9e r\u00e9pondait en fran\u00e7ais, il coupait court \u00e0 l\u2019entretien en leur disant : \u00ab Sorry I don\u2019t speak french \u00bb.<\/p>\n<p>Devant ces nombreux constats, le premier objectif du comit\u00e9 a \u00e9t\u00e9 de devenir un comit\u00e9 permanent faisant partie int\u00e9grante de la structure du Syndicat. Le pr\u00e9sident national a alors donn\u00e9 son appui \u00e0 cette d\u00e9marche.<\/p>\n<p>C\u2019est ainsi que, lors du Congr\u00e8s national de 2011 \u00e0 Saint John, avec l\u2019appui d\u2019une r\u00e9solution apport\u00e9e sur le plancher du congr\u00e8s et adopt\u00e9e par les membres pr\u00e9sent.e.s, la cr\u00e9ation du premier comit\u00e9 permanent des francophones du SEN a eu lieu.<\/p>\n<p>Depuis sa cr\u00e9ation, <a href=\"http:\/\/fr.une-sen.org\/who_we_are\/standing_committees\/francophone.php\" target=\"_blank\" rel=\"noopener noreferrer\">ce comit\u00e9<\/a> continue de veiller \u00e0 la d\u00e9fense et au respect de la langue de Moli\u00e8re dans le fonctionnement, les activit\u00e9s et \u00e9v\u00e9nements de notre Syndicat, ainsi que dans la soci\u00e9t\u00e9 civile. L\u2019importante pr\u00e9sence du SEN lors des diff\u00e9rentes manifestations en appui aux Franco-ontarien.ne.s l\u2019automne dernier, face aux coupures aux services en fran\u00e7ais en Ontario par le gouvernement Ford, illustre cet engagement.<\/p>\n<p>Le comit\u00e9 s\u2019assure de la repr\u00e9sentation d\u2019un.e membre francophone dans les comit\u00e9s directeurs de chaque conf\u00e9rence et congr\u00e8s national. Une firme montr\u00e9alaise est responsable de la traduction des documents et s\u2019assure que les traducteurs et traductrices sont francophones. La compagnie de voyage W.E. Travel, dont les services sont d\u00e9sormais utilis\u00e9s par le SEN, les offre dans les deux langues officielles.<\/p>\n<p>Le comit\u00e9 des francophones tient \u00e0 remercier les personnes qui ont pris la d\u00e9cision de cr\u00e9er un comit\u00e9 francophone pancanadien, Louise Patrice, Jean-Pierre Ouellet et Daniel Toutant, ainsi que la pr\u00e9cieuse contribution de Georges St-Jean, conseiller technique, et de Nicole Clermont, pour le soutien administratif, ainsi que toute l\u2019\u00e9quipe du SEN pour le soutien et les efforts \u00e0 assurer le service dans les deux langues officielles de notre pays au sein de notre Syndicat.<\/p>\n<p>Bonne Journ\u00e9e internationale de la francophonie!<\/p>\n<p>Le comit\u00e9 des francophones<\/p>\n<p>&nbsp;<\/p>\n","protected":false},"excerpt":{"rendered":"<p>Par le comit\u00e9 des francophones Pour souligner la Journ\u00e9e internationale de la francophonie, les membres francophones du Syndicat des employ\u00e9es et employ\u00e9s nationaux (SEN) souhaitent vous raconter l\u2019histoire de la cr\u00e9ation du comit\u00e9 permanent des francophones au sein de notre Syndicat. C\u2019est au Congr\u00e8s de l\u2019\u00c9l\u00e9ment national, aujourd\u2019hui le SEN, \u00e0 Toronto, en 2008, que &hellip; <\/p>\n<p class=\"link-more\"><a href=\"https:\/\/www.unesen.ca\/press\/?p=7072&#038;lang=fr\" class=\"more-link\">>><span class=\"screen-reader-text\"> &#8220;Journ\u00e9e internationale de la francophonie &#8211; #mon20mars&#8221;<\/span><\/a><\/p>\n","protected":false},"author":6,"featured_media":0,"comment_status":"closed","ping_status":"open","sticky":false,"template":"","format":"standard","meta":{"_links_to":"","_links_to_target":""},"categories":[],"tags":[],"_links":{"self":[{"href":"https:\/\/www.unesen.ca\/press\/index.php?rest_route=\/wp\/v2\/posts\/7072"}],"collection":[{"href":"https:\/\/www.unesen.ca\/press\/index.php?rest_route=\/wp\/v2\/posts"}],"about":[{"href":"https:\/\/www.unesen.ca\/press\/index.php?rest_route=\/wp\/v2\/types\/post"}],"author":[{"embeddable":true,"href":"https:\/\/www.unesen.ca\/press\/index.php?rest_route=\/wp\/v2\/users\/6"}],"replies":[{"embeddable":true,"href":"https:\/\/www.unesen.ca\/press\/index.php?rest_route=%2Fwp%2Fv2%2Fcomments&post=7072"}],"version-history":[{"count":3,"href":"https:\/\/www.unesen.ca\/press\/index.php?rest_route=\/wp\/v2\/posts\/7072\/revisions"}],"predecessor-version":[{"id":7094,"href":"https:\/\/www.unesen.ca\/press\/index.php?rest_route=\/wp\/v2\/posts\/7072\/revisions\/7094"}],"wp:attachment":[{"href":"https:\/\/www.unesen.ca\/press\/index.php?rest_route=%2Fwp%2Fv2%2Fmedia&parent=7072"}],"wp:term":[{"taxonomy":"category","embeddable":true,"href":"https:\/\/www.unesen.ca\/press\/index.php?rest_route=%2Fwp%2Fv2%2Fcategories&post=7072"},{"taxonomy":"post_tag","embeddable":true,"href":"https:\/\/www.unesen.ca\/press\/index.php?rest_route=%2Fwp%2Fv2%2Ftags&post=7072"}],"curies":[{"name":"wp","href":"https:\/\/api.w.org\/{rel}","templated":true}]}}