{"id":7051,"date":"2019-02-28T15:35:51","date_gmt":"2019-02-28T20:35:51","guid":{"rendered":"http:\/\/fr.une-sen.org\/press\/?p=7051"},"modified":"2019-02-28T15:35:51","modified_gmt":"2019-02-28T20:35:51","slug":"phenix-lafpc-serre-la-vis-au-gouvernement-en-fermant-des-immeubles","status":"publish","type":"post","link":"https:\/\/www.unesen.ca\/press\/?p=7051&amp;lang=fr","title":{"rendered":"Ph\u00e9nix : L\u2019AFPC serre la vis au gouvernement en fermant des immeubles"},"content":{"rendered":"<p>Ce matin, plus de 500 membres de l\u2019AFPC ont bloqu\u00e9 l\u2019entr\u00e9e de deux importants immeubles f\u00e9d\u00e9raux \u00e0 Ottawa. Ils \u00e9taient rassembl\u00e9s pour exprimer leur frustration croissante au sujet de Ph\u00e9nix et exiger du gouvernement Trudeau qu\u2019il cesse de tergiverser.<\/p>\n<p>\u00ab\u2009Nous avons averti le gouvernement qu\u2019il n\u2019a pas fini d\u2019entendre parler de nous s\u2019il ne se d\u00e9p\u00eache pas \u00e0 payer nos membres correctement et \u00e0 les d\u00e9dommager pour les cons\u00e9quences d\u00e9sastreuses du fiasco Ph\u00e9nix, affirme Chris Aylward, pr\u00e9sident de l\u2019AFPC. C\u2019est ce qui nous am\u00e8ne ici aujourd\u2019hui.\u2009\u00bb<\/p>\n<p style=\"text-align: center;\"><a href=\"http:\/\/www.une-sen.org\/press\/wp-content\/uploads\/2019\/02\/dsc3858_0.jpeg\"><img loading=\"lazy\" class=\"alignnone size-medium wp-image-7052\" src=\"http:\/\/www.une-sen.org\/press\/wp-content\/uploads\/2019\/02\/dsc3858_0-300x169.jpeg\" alt=\"\" width=\"300\" height=\"169\" srcset=\"https:\/\/www.unesen.ca\/press\/wp-content\/uploads\/2019\/02\/dsc3858_0-300x169.jpeg 300w, https:\/\/www.unesen.ca\/press\/wp-content\/uploads\/2019\/02\/dsc3858_0.jpeg 480w\" sizes=\"(max-width: 300px) 100vw, 300px\" \/><\/a><\/p>\n<p>\u00ab\u2009Malgr\u00e9 le chaos qu\u2019a sem\u00e9 Ph\u00e9nix dans leur vie, les fonctionnaires f\u00e9d\u00e9raux ont continu\u00e9 \u00e0 aller travailler tous les jours pour fournir des services essentiels \u00e0 la population. Nos membres payent pour les erreurs du gouvernement depuis des ann\u00e9es. Il est grand temps que le gouvernement commence \u00e0 les rembourser.\u2009\u00bb<\/p>\n<p>Le syndicat exige du gouvernement :<\/p>\n<ul>\n<li>qu\u2019il d\u00e9dommage tous les fonctionnaires f\u00e9d\u00e9raux pour le calvaire financier et \u00e9motionnel qu\u2019ils ont endur\u00e9;<\/li>\n<li>qu\u2019il affecte suffisamment de personnel comp\u00e9tent pour :<\/li>\n<li>aider nos membres du Centre de contact avec la client\u00e8le et du Centre des services de paye de la fonction publique;<\/li>\n<li>r\u00e9duire le nombre de requ\u00eates li\u00e9es \u00e0 Ph\u00e9nix en veillant \u00e0 ce que les donn\u00e9es RH soient saisies \u00e0 temps;<\/li>\n<li>\u00e9liminer l\u2019arri\u00e9r\u00e9 dans le traitement des mouvements, y compris la mise en \u0153uvre des conventions collectives et le versement de la paye avec effet r\u00e9troactif;<\/li>\n<li>qu\u2019il \u00e9tablisse un \u00e9ch\u00e9ancier strict, assorti d\u2019une obligation de rendre des comptes, pour stabiliser le syst\u00e8me Ph\u00e9nix, \u00e9liminer l\u2019arri\u00e9r\u00e9 et passer \u00e0 un nouveau syst\u00e8me de paye.<\/li>\n<\/ul>\n<p>Les r\u00e9sultats accablants du r\u00e9cent <a href=\"http:\/\/syndicatafpc.ca\/sondage-aupres-fonctionnaires-federaux-clair-il?_ga=2.16884990.676135107.1551307328-811446177.1531147059\" target=\"_blank\" rel=\"noopener noreferrer\">Sondage aupr\u00e8s des fonctionnaires f\u00e9d\u00e9raux<\/a> donnent tout leur poids \u00e0 ces revendications.<\/p>\n<p>\u00ab\u2009Non content de faire attendre les membres de l\u2019AFPC qui sont toujours pay\u00e9s incorrectement, le gouvernement lib\u00e9ral retarde les progr\u00e8s \u00e0 la table de n\u00e9gociation, privant ainsi plus de 100\u2009000 d\u2019entre eux d\u2019un contrat de travail \u00e9quitable. Nous ne permettrons pas aux lib\u00e9raux de continuer \u00e0 tenir nos membres pour acquis.\u2009\u00bb<\/p>\n<p>Source: <a href=\"http:\/\/syndicatafpc.ca\/phenix-lafpc-serre-vis-gouvernement-en-fermant?_ga=2.244628869.1092598646.1551385053-361691053.1549031062\">AFPC<\/a><\/p>\n","protected":false},"excerpt":{"rendered":"<p>Ce matin, plus de 500 membres de l\u2019AFPC ont bloqu\u00e9 l\u2019entr\u00e9e de deux importants immeubles f\u00e9d\u00e9raux \u00e0 Ottawa. Ils \u00e9taient rassembl\u00e9s pour exprimer leur frustration croissante au sujet de Ph\u00e9nix et exiger du gouvernement Trudeau qu\u2019il cesse de tergiverser. \u00ab\u2009Nous avons averti le gouvernement qu\u2019il n\u2019a pas fini d\u2019entendre parler de nous s\u2019il ne se &hellip; <\/p>\n<p class=\"link-more\"><a href=\"https:\/\/www.unesen.ca\/press\/?p=7051&#038;lang=fr\" class=\"more-link\">>><span class=\"screen-reader-text\"> &#8220;Ph\u00e9nix : L\u2019AFPC serre la vis au gouvernement en fermant des immeubles&#8221;<\/span><\/a><\/p>\n","protected":false},"author":6,"featured_media":0,"comment_status":"closed","ping_status":"open","sticky":false,"template":"","format":"standard","meta":{"_links_to":"","_links_to_target":""},"categories":[],"tags":[],"_links":{"self":[{"href":"https:\/\/www.unesen.ca\/press\/index.php?rest_route=\/wp\/v2\/posts\/7051"}],"collection":[{"href":"https:\/\/www.unesen.ca\/press\/index.php?rest_route=\/wp\/v2\/posts"}],"about":[{"href":"https:\/\/www.unesen.ca\/press\/index.php?rest_route=\/wp\/v2\/types\/post"}],"author":[{"embeddable":true,"href":"https:\/\/www.unesen.ca\/press\/index.php?rest_route=\/wp\/v2\/users\/6"}],"replies":[{"embeddable":true,"href":"https:\/\/www.unesen.ca\/press\/index.php?rest_route=%2Fwp%2Fv2%2Fcomments&post=7051"}],"version-history":[{"count":1,"href":"https:\/\/www.unesen.ca\/press\/index.php?rest_route=\/wp\/v2\/posts\/7051\/revisions"}],"predecessor-version":[{"id":7053,"href":"https:\/\/www.unesen.ca\/press\/index.php?rest_route=\/wp\/v2\/posts\/7051\/revisions\/7053"}],"wp:attachment":[{"href":"https:\/\/www.unesen.ca\/press\/index.php?rest_route=%2Fwp%2Fv2%2Fmedia&parent=7051"}],"wp:term":[{"taxonomy":"category","embeddable":true,"href":"https:\/\/www.unesen.ca\/press\/index.php?rest_route=%2Fwp%2Fv2%2Fcategories&post=7051"},{"taxonomy":"post_tag","embeddable":true,"href":"https:\/\/www.unesen.ca\/press\/index.php?rest_route=%2Fwp%2Fv2%2Ftags&post=7051"}],"curies":[{"name":"wp","href":"https:\/\/api.w.org\/{rel}","templated":true}]}}