{"id":7027,"date":"2019-02-11T10:53:40","date_gmt":"2019-02-11T15:53:40","guid":{"rendered":"http:\/\/fr.une-sen.org\/press\/?p=7027"},"modified":"2019-02-11T11:28:31","modified_gmt":"2019-02-11T16:28:31","slug":"lheritage-dune-femme-viola-desmond","status":"publish","type":"post","link":"https:\/\/www.unesen.ca\/press\/?p=7027&amp;lang=fr","title":{"rendered":"L&#8217;h\u00e9ritage d&#8217;une femme : Viola Desmond"},"content":{"rendered":"<p><img loading=\"lazy\" class=\"alignnone size-full wp-image-7036\" src=\"http:\/\/www.une-sen.org\/press\/wp-content\/uploads\/2019\/02\/ViolaD-1.png\" alt=\"\" width=\"600\" height=\"375\" srcset=\"https:\/\/www.unesen.ca\/press\/wp-content\/uploads\/2019\/02\/ViolaD-1.png 600w, https:\/\/www.unesen.ca\/press\/wp-content\/uploads\/2019\/02\/ViolaD-1-300x188.png 300w\" sizes=\"(max-width: 600px) 100vw, 600px\" \/><\/p>\n<p>Par C\u00e9line Ahod\u00e9kon<\/p>\n<p>F\u00e9vrier est le Mois de l&#8217;histoire des Noirs (MHN) au Canada. Chaque ann\u00e9e, en f\u00e9vrier, les Canadiennes et les Canadiens sont invit\u00e9s \u00e0 participer aux festivit\u00e9s et aux \u00e9v\u00e9nements du MHN, qui rendent hommage \u00e0 l&#8217;h\u00e9ritage des Canadiennes et Canadiens noirs d\u2019hier \u00e0 aujourd\u2019hui.<\/p>\n<p>En d\u00e9cembre 1995, la Chambre des communes a officiellement reconnu le mois de f\u00e9vrier comme \u00e9tant le MHN au Canada, \u00e0 la suite d&#8217;une <a href=\"http:\/\/www.histoiredesnoirsaucanada.com\/events.php?themeid=21&amp;id=22\" target=\"_blank\" rel=\"noopener\">motion pr\u00e9sent\u00e9e par Jean Augustine<\/a>, la premi\u00e8re femme noire canadienne \u00e9lue au Parlement.<\/p>\n<p>Les personnes d&#8217;origine africaine ont contribu\u00e9 \u00e0 fa\u00e7onner le patrimoine et l\u2019identit\u00e9 du Canada depuis l\u2019arriv\u00e9e de Mathieu Da Costa, navigateur et interpr\u00e8te dont la pr\u00e9sence au Canada remonte au d\u00e9but des ann\u00e9es 1600. De nombreux Loyalistes venus des \u00c9tats-Unis au Canada au d\u00e9but des ann\u00e9es 1800 \u00e9taient \u00e9galement des Noirs et la plupart d&#8217;entre eux se sont \u00e9tablis \u00e0 Africville, en Nouvelle-\u00c9cosse. En tant que soldats canadiens, les Canadiens noirs ont fait de nombreux sacrifices en temps de guerre, et ce, depuis la guerre de 1812.<\/p>\n<p>Les personnes d&#8217;origine africaine ont pleinement contribu\u00e9 au d\u00e9veloppement de la soci\u00e9t\u00e9 canadienne. Nombre d&#8217;avocats, de m\u00e9decins, de politiciens, d&#8217;enseignants, de coiffeurs, de barbiers, pour n&#8217;en nommer que quelques-uns, \u00e9taient des Noirs. Cependant, la vie n&#8217;a pas toujours \u00e9t\u00e9 facile pour eux. Les communaut\u00e9s noires faisaient face \u00e0 la discrimination, au racisme, \u00e0 la haine et \u00e0 la s\u00e9gr\u00e9gation raciale.<\/p>\n<p>En 1846, <a href=\"http:\/\/www.histoiredesnoirsaucanada.com\/profiles.php?themeid=20&amp;id=33\" target=\"_blank\" rel=\"noopener\">Viola Desmond<\/a> a pris position pour ce en quoi elle croyait, la justice sociale : \u00ab Viola Irene Desmond \u00e9tait une femme d&#8217;affaires canadienne d&#8217;origine afro-n\u00e9o-\u00e9cossaise. En 1946, elle a d\u00e9fi\u00e9 la s\u00e9gr\u00e9gation raciale dans un cin\u00e9ma de New Glasgow, en Nouvelle-\u00c9cosse, en refusant de quitter une section du cin\u00e9ma Roseland r\u00e9serv\u00e9e aux Blancs. Pour ce geste, elle a \u00e9t\u00e9 reconnue coupable de fraude fiscale mineure pour la diff\u00e9rence de taxe d\u2019un cent entre le si\u00e8ge qu&#8217;elle avait pay\u00e9 et le si\u00e8ge qu&#8217;elle avait utilis\u00e9. L&#8217;affaire Desmond est l&#8217;un des incidents de discrimination raciale les plus m\u00e9diatis\u00e9s de l&#8217;histoire du Canada. Son cas a aid\u00e9 \u00e0 lancer le mouvement moderne de d\u00e9fense des droits civiques au Canada. \u00bb<\/p>\n<p>Le refus courageux de Viola Desmond d&#8217;accepter la discrimination raciale ce jour-l\u00e0 a fa\u00e7onn\u00e9 l&#8217;histoire du Canada. <a href=\"https:\/\/www.lapresse.ca\/affaires\/economie\/canada\/201811\/18\/01-5204669-viola-desmond-le-billet-de-10-en-circulation-lundi.php\" target=\"_blank\" rel=\"noopener\">En 2018, la Banque du Canada a \u00e9mis un nouveau billet de 10 $ \u00e0 son effigie<\/a>. C&#8217;est la toute premi\u00e8re fois dans l&#8217;histoire du Canada qu&#8217;une femme canadienne racialis\u00e9e et son histoire sont mises en vedette sur l&#8217;argent que nous transportons tous les jours.<\/p>\n<p>Viola Desmond nous apprend \u00e0 toutes et tous \u00e0 faire ce qui est juste! D\u00e9fendez celles et ceux qui sont victimes de discrimination et de traitement injuste. Parlez pour celles et ceux qui ne peuvent pas parler pour elles\/eux-m\u00eames. Son histoire est aussi une preuve manifeste que les Canadiennes et Canadiens noirs ont fait de grandes choses, tout au long de l&#8217;histoire, pour faire du Canada le pays culturellement diversifi\u00e9, inclusif, empreint de compassion et prosp\u00e8re qu&#8217;il est aujourd&#8217;hui.<\/p>\n<p>Confr\u00e8res, cons\u0153urs et compatriotes militants, j&#8217;esp\u00e8re que, lorsque vous verrez le billet de 10 $, vous aurez une pens\u00e9e pour l&#8217;histoire de Viola et vous vous l\u00e8verez et lutterez contre l&#8217;injustice et la discrimination syst\u00e9mique. Luttons pour les droits de la personne, la justice sociale et l&#8217;\u00e9galit\u00e9. Ces \u00e9l\u00e9ments sont essentiels \u00e0 l&#8217;avancement d&#8217;une soci\u00e9t\u00e9 saine, et nous devons toutes et tous faire notre devoir. Prenez le temps de c\u00e9l\u00e9brer et d&#8217;en apprendre davantage sur les personnes d&#8217;origine africaine ainsi que sur leurs contributions \u00e0 la soci\u00e9t\u00e9. De nombreuses <a href=\"https:\/\/www.canada.ca\/fr\/patrimoine-canadien\/campagnes\/mois-histoire-des-noirs.html\" target=\"_blank\" rel=\"noopener\">activit\u00e9s sont organis\u00e9es partout au pays<\/a> pour c\u00e9l\u00e9brer le MNH.<\/p>\n<p>Joyeux Mois de l&#8217;histoire des Noirs!<\/p>\n<p><em>C\u00e9line Ahod\u00e9kon est la repr\u00e9sentante nationale de l&#8217;\u00e9quit\u00e9 pour les membres de minorit\u00e9s visibles du SEN.<\/em><\/p>\n","protected":false},"excerpt":{"rendered":"<p>Par C\u00e9line Ahod\u00e9kon F\u00e9vrier est le Mois de l&#8217;histoire des Noirs (MHN) au Canada. Chaque ann\u00e9e, en f\u00e9vrier, les Canadiennes et les Canadiens sont invit\u00e9s \u00e0 participer aux festivit\u00e9s et aux \u00e9v\u00e9nements du MHN, qui rendent hommage \u00e0 l&#8217;h\u00e9ritage des Canadiennes et Canadiens noirs d\u2019hier \u00e0 aujourd\u2019hui. En d\u00e9cembre 1995, la Chambre des communes a &hellip; <\/p>\n<p class=\"link-more\"><a href=\"https:\/\/www.unesen.ca\/press\/?p=7027&#038;lang=fr\" class=\"more-link\">>><span class=\"screen-reader-text\"> &#8220;L&#8217;h\u00e9ritage d&#8217;une femme : Viola Desmond&#8221;<\/span><\/a><\/p>\n","protected":false},"author":6,"featured_media":0,"comment_status":"closed","ping_status":"open","sticky":false,"template":"","format":"standard","meta":{"_links_to":"","_links_to_target":""},"categories":[],"tags":[],"_links":{"self":[{"href":"https:\/\/www.unesen.ca\/press\/index.php?rest_route=\/wp\/v2\/posts\/7027"}],"collection":[{"href":"https:\/\/www.unesen.ca\/press\/index.php?rest_route=\/wp\/v2\/posts"}],"about":[{"href":"https:\/\/www.unesen.ca\/press\/index.php?rest_route=\/wp\/v2\/types\/post"}],"author":[{"embeddable":true,"href":"https:\/\/www.unesen.ca\/press\/index.php?rest_route=\/wp\/v2\/users\/6"}],"replies":[{"embeddable":true,"href":"https:\/\/www.unesen.ca\/press\/index.php?rest_route=%2Fwp%2Fv2%2Fcomments&post=7027"}],"version-history":[{"count":4,"href":"https:\/\/www.unesen.ca\/press\/index.php?rest_route=\/wp\/v2\/posts\/7027\/revisions"}],"predecessor-version":[{"id":7038,"href":"https:\/\/www.unesen.ca\/press\/index.php?rest_route=\/wp\/v2\/posts\/7027\/revisions\/7038"}],"wp:attachment":[{"href":"https:\/\/www.unesen.ca\/press\/index.php?rest_route=%2Fwp%2Fv2%2Fmedia&parent=7027"}],"wp:term":[{"taxonomy":"category","embeddable":true,"href":"https:\/\/www.unesen.ca\/press\/index.php?rest_route=%2Fwp%2Fv2%2Fcategories&post=7027"},{"taxonomy":"post_tag","embeddable":true,"href":"https:\/\/www.unesen.ca\/press\/index.php?rest_route=%2Fwp%2Fv2%2Ftags&post=7027"}],"curies":[{"name":"wp","href":"https:\/\/api.w.org\/{rel}","templated":true}]}}