{"id":7020,"date":"2019-02-11T10:02:52","date_gmt":"2019-02-11T15:02:52","guid":{"rendered":"http:\/\/fr.une-sen.org\/press\/?p=7020"},"modified":"2019-02-11T10:02:52","modified_gmt":"2019-02-11T15:02:52","slug":"reprise-des-negos-le-12-fevrier-lafpc-exige-de-trudeau-un-nouveau-mandat-pour-le-conseil-du-tresor","status":"publish","type":"post","link":"https:\/\/www.unesen.ca\/press\/?p=7020&amp;lang=fr","title":{"rendered":"Reprise des n\u00e9gos le 12 f\u00e9vrier : l\u2019AFPC exige de Trudeau un nouveau mandat pour le Conseil du Tr\u00e9sor"},"content":{"rendered":"<p style=\"text-align: center;\"><a href=\"http:\/\/www.une-sen.org\/press\/wp-content\/uploads\/2019\/02\/psac_rally-1.png\"><img loading=\"lazy\" class=\"alignnone size-medium wp-image-7021\" src=\"http:\/\/www.une-sen.org\/press\/wp-content\/uploads\/2019\/02\/psac_rally-1-300x151.png\" alt=\"\" width=\"300\" height=\"151\" srcset=\"https:\/\/www.unesen.ca\/press\/wp-content\/uploads\/2019\/02\/psac_rally-1-300x151.png 300w, https:\/\/www.unesen.ca\/press\/wp-content\/uploads\/2019\/02\/psac_rally-1-768x386.png 768w, https:\/\/www.unesen.ca\/press\/wp-content\/uploads\/2019\/02\/psac_rally-1.png 960w\" sizes=\"(max-width: 300px) 100vw, 300px\" \/><\/a><\/p>\n<p>L\u2019AFPC retournera \u00e0 la table de n\u00e9gociation du 12 au 14 f\u00e9vrier pour repr\u00e9senter les 90\u2009000 fonctionnaires f\u00e9d\u00e9raux vis\u00e9s par les n\u00e9gociations avec le Conseil du Tr\u00e9sor. La grande priorit\u00e9 : obtenir des salaires justes et bonifier les dispositions sur la conciliation travail-vie personnelle, la charge de travail, les cong\u00e9s et le recours \u00e0 des travailleurs temporaires.<\/p>\n<p>Les membres de l\u2019AFPC attendent toujours une r\u00e9ponse ad\u00e9quate aux revendications contractuelles du syndicat apr\u00e8s de longs mois de <a href=\"http:\/\/syndicatafpc.ca\/liberaux-federaux-proposent-gel-salarial-deux-ans?_ga=2.59729764.870408194.1549566000-63261665.1491839781\" target=\"_blank\" rel=\"noopener\">pourparlers frustrants<\/a> avec le gouvernement. Rappelons qu\u2019en d\u00e9cembre dernier, le gouvernement a <a href=\"http:\/\/syndicatafpc.ca\/impasse-suite-gel-liberaux\" target=\"_blank\" rel=\"noopener\">insult\u00e9 les fonctionnaires f\u00e9d\u00e9raux<\/a> en leur proposant un gel salarial de deux ans.<\/p>\n<p>\u00ab Trudeau avait promis d\u2019\u00e9tablir des relations fond\u00e9es sur le respect avec les fonctionnaires. Eh bien, nous allons mobiliser nos membres pour qu\u2019ils l\u2019obligent \u00e0 tenir sa promesse \u00bb, a d\u00e9clar\u00e9 le pr\u00e9sident national de l\u2019AFPC, Chris Aylward. \u00ab Son gouvernement a trahi nos membres, et la population canadienne qui a droit \u00e0 des services publics de qualit\u00e9. \u00bb<\/p>\n<p>\u00ab Le premier ministre doit donner un nouveau mandat \u00e0 Jane Philpott, la nouvelle pr\u00e9sidente du Conseil du Tr\u00e9sor, un mandat qui d\u00e9bouchera sur une entente juste. Depuis le lancement de Ph\u00e9nix, il y a presque trois ans, nos membres attendent d\u2019\u00eatre pay\u00e9s correctement \u2013 ils ne devraient pas avoir \u00e0 attendre avant d\u2019obtenir les conditions de travail qu\u2019ils m\u00e9ritent. \u00bb<\/p>\n<p>Les s\u00e9ances de la semaine prochaine concernent ces quatre unit\u00e9s de n\u00e9gociation rattach\u00e9es au Conseil du Tr\u00e9sor : <a href=\"http:\/\/syndicatafpc.ca\/pa?_ga=2.63521638.870408194.1549566000-63261665.1491839781\" target=\"_blank\" rel=\"noopener\">Services des programmes et de l\u2019administration (PA)<\/a>, <a href=\"http:\/\/syndicatafpc.ca\/tc?_ga=2.60244964.870408194.1549566000-63261665.1491839781\" target=\"_blank\" rel=\"noopener\">Services techniques (TC)<\/a>, <a href=\"http:\/\/syndicatafpc.ca\/sv?_ga=2.26176244.870408194.1549566000-63261665.1491839781\" target=\"_blank\" rel=\"noopener\">Services des op\u00e9rations (SV)<\/a> et <a href=\"http:\/\/syndicatafpc.ca\/eb?_ga=2.37847530.870408194.1549566000-63261665.1491839781\" target=\"_blank\" rel=\"noopener\">Enseignement et biblioth\u00e9conomie (EB)<\/a>.<\/p>\n<p>Source: Site Internet de l&#8217;AFPC<\/p>\n<p>&nbsp;<\/p>\n","protected":false},"excerpt":{"rendered":"<p>L\u2019AFPC retournera \u00e0 la table de n\u00e9gociation du 12 au 14 f\u00e9vrier pour repr\u00e9senter les 90\u2009000 fonctionnaires f\u00e9d\u00e9raux vis\u00e9s par les n\u00e9gociations avec le Conseil du Tr\u00e9sor. La grande priorit\u00e9 : obtenir des salaires justes et bonifier les dispositions sur la conciliation travail-vie personnelle, la charge de travail, les cong\u00e9s et le recours \u00e0 des &hellip; <\/p>\n<p class=\"link-more\"><a href=\"https:\/\/www.unesen.ca\/press\/?p=7020&#038;lang=fr\" class=\"more-link\">>><span class=\"screen-reader-text\"> &#8220;Reprise des n\u00e9gos le 12 f\u00e9vrier : l\u2019AFPC exige de Trudeau un nouveau mandat pour le Conseil du Tr\u00e9sor&#8221;<\/span><\/a><\/p>\n","protected":false},"author":6,"featured_media":0,"comment_status":"closed","ping_status":"open","sticky":false,"template":"","format":"standard","meta":{"_links_to":"","_links_to_target":""},"categories":[],"tags":[],"_links":{"self":[{"href":"https:\/\/www.unesen.ca\/press\/index.php?rest_route=\/wp\/v2\/posts\/7020"}],"collection":[{"href":"https:\/\/www.unesen.ca\/press\/index.php?rest_route=\/wp\/v2\/posts"}],"about":[{"href":"https:\/\/www.unesen.ca\/press\/index.php?rest_route=\/wp\/v2\/types\/post"}],"author":[{"embeddable":true,"href":"https:\/\/www.unesen.ca\/press\/index.php?rest_route=\/wp\/v2\/users\/6"}],"replies":[{"embeddable":true,"href":"https:\/\/www.unesen.ca\/press\/index.php?rest_route=%2Fwp%2Fv2%2Fcomments&post=7020"}],"version-history":[{"count":1,"href":"https:\/\/www.unesen.ca\/press\/index.php?rest_route=\/wp\/v2\/posts\/7020\/revisions"}],"predecessor-version":[{"id":7022,"href":"https:\/\/www.unesen.ca\/press\/index.php?rest_route=\/wp\/v2\/posts\/7020\/revisions\/7022"}],"wp:attachment":[{"href":"https:\/\/www.unesen.ca\/press\/index.php?rest_route=%2Fwp%2Fv2%2Fmedia&parent=7020"}],"wp:term":[{"taxonomy":"category","embeddable":true,"href":"https:\/\/www.unesen.ca\/press\/index.php?rest_route=%2Fwp%2Fv2%2Fcategories&post=7020"},{"taxonomy":"post_tag","embeddable":true,"href":"https:\/\/www.unesen.ca\/press\/index.php?rest_route=%2Fwp%2Fv2%2Ftags&post=7020"}],"curies":[{"name":"wp","href":"https:\/\/api.w.org\/{rel}","templated":true}]}}