{"id":6983,"date":"2019-01-21T16:09:40","date_gmt":"2019-01-21T21:09:40","guid":{"rendered":"http:\/\/fr.une-sen.org\/press\/?p=6983"},"modified":"2019-01-24T16:26:37","modified_gmt":"2019-01-24T21:26:37","slug":"nominations-par-le-premier-ministre-dans-la-fonction-publique-le-jeu-des-chaises-musicales","status":"publish","type":"post","link":"https:\/\/www.unesen.ca\/press\/?p=6983&amp;lang=fr","title":{"rendered":"Nominations par le premier ministre dans la fonction publique: le jeu des chaises musicales"},"content":{"rendered":"\r\n<p><em>Le pr\u00e9sident national du SEN, Kevin King, a \u00e9mis la d\u00e9claration suivante:<\/em><\/p>\r\n\r\n\r\n\r\n<div class=\"wp-block-image\">\r\n<figure class=\"aligncenter\"><img loading=\"lazy\" width=\"375\" height=\"375\" class=\"wp-image-6984\" src=\"http:\/\/www.une-sen.org\/press\/wp-content\/uploads\/2019\/01\/Parliament-Image-2.png\" alt=\"\" srcset=\"https:\/\/www.unesen.ca\/press\/wp-content\/uploads\/2019\/01\/Parliament-Image-2.png 375w, https:\/\/www.unesen.ca\/press\/wp-content\/uploads\/2019\/01\/Parliament-Image-2-150x150.png 150w, https:\/\/www.unesen.ca\/press\/wp-content\/uploads\/2019\/01\/Parliament-Image-2-300x300.png 300w, https:\/\/www.unesen.ca\/press\/wp-content\/uploads\/2019\/01\/Parliament-Image-2-100x100.png 100w\" sizes=\"(max-width: 375px) 100vw, 375px\" \/><\/figure>\r\n<\/div>\r\n\r\n\r\n\r\n<p>La semaine derni\u00e8re, le premier ministre a nomm\u00e9 Marie Lemay, ancienne sous-ministre des Services publics et de l\u2019Approvisionnement (SPAC), au Bureau du Conseil priv\u00e9. Elle \u00e9tait en charge de superviser la mise en \u0153uvre de Ph\u00e9nix.<\/p>\r\n\r\n\r\n\r\n<p>Bill Matthews la remplacera \u00e0 compter du 28 janvier 2019. Esp\u00e9rons que le nouveau sous-ministre sera plus r\u00e9actif et proactif en ce qui concerne le fiasco du dossier Ph\u00e9nix.<\/p>\r\n\r\n\r\n\r\n<p>Lorsque des bureaucrates peu performant(e)s obtiennent une promotion au lieu d&#8217;\u00eatre d\u00e9mis(es) de leurs fonctions pour incomp\u00e9tence ou incapacit\u00e9, cela d\u00e9passe l&#8217;entendement des fonctionnaires f\u00e9d\u00e9raux\/les qui fournissent des services financ\u00e9s par les fonds publics dans l&#8217;int\u00e9r\u00eat des Canadien(ne)s.<\/p>\r\n","protected":false},"excerpt":{"rendered":"<p>Le pr\u00e9sident national du SEN, Kevin King, a \u00e9mis la d\u00e9claration suivante: La semaine derni\u00e8re, le premier ministre a nomm\u00e9 Marie Lemay, ancienne sous-ministre des Services publics et de l\u2019Approvisionnement (SPAC), au Bureau du Conseil priv\u00e9. Elle \u00e9tait en charge de superviser la mise en \u0153uvre de Ph\u00e9nix. Bill Matthews la remplacera \u00e0 compter du &hellip; <\/p>\n<p class=\"link-more\"><a href=\"https:\/\/www.unesen.ca\/press\/?p=6983&#038;lang=fr\" class=\"more-link\">>><span class=\"screen-reader-text\"> &#8220;Nominations par le premier ministre dans la fonction publique: le jeu des chaises musicales&#8221;<\/span><\/a><\/p>\n","protected":false},"author":6,"featured_media":0,"comment_status":"closed","ping_status":"open","sticky":false,"template":"","format":"standard","meta":{"_links_to":"","_links_to_target":""},"categories":[],"tags":[],"_links":{"self":[{"href":"https:\/\/www.unesen.ca\/press\/index.php?rest_route=\/wp\/v2\/posts\/6983"}],"collection":[{"href":"https:\/\/www.unesen.ca\/press\/index.php?rest_route=\/wp\/v2\/posts"}],"about":[{"href":"https:\/\/www.unesen.ca\/press\/index.php?rest_route=\/wp\/v2\/types\/post"}],"author":[{"embeddable":true,"href":"https:\/\/www.unesen.ca\/press\/index.php?rest_route=\/wp\/v2\/users\/6"}],"replies":[{"embeddable":true,"href":"https:\/\/www.unesen.ca\/press\/index.php?rest_route=%2Fwp%2Fv2%2Fcomments&post=6983"}],"version-history":[{"count":2,"href":"https:\/\/www.unesen.ca\/press\/index.php?rest_route=\/wp\/v2\/posts\/6983\/revisions"}],"predecessor-version":[{"id":6993,"href":"https:\/\/www.unesen.ca\/press\/index.php?rest_route=\/wp\/v2\/posts\/6983\/revisions\/6993"}],"wp:attachment":[{"href":"https:\/\/www.unesen.ca\/press\/index.php?rest_route=%2Fwp%2Fv2%2Fmedia&parent=6983"}],"wp:term":[{"taxonomy":"category","embeddable":true,"href":"https:\/\/www.unesen.ca\/press\/index.php?rest_route=%2Fwp%2Fv2%2Fcategories&post=6983"},{"taxonomy":"post_tag","embeddable":true,"href":"https:\/\/www.unesen.ca\/press\/index.php?rest_route=%2Fwp%2Fv2%2Ftags&post=6983"}],"curies":[{"name":"wp","href":"https:\/\/api.w.org\/{rel}","templated":true}]}}