{"id":6969,"date":"2019-01-14T15:45:22","date_gmt":"2019-01-14T20:45:22","guid":{"rendered":"http:\/\/www.une-sen.org\/press\/?p=6969"},"modified":"2019-01-14T15:45:24","modified_gmt":"2019-01-14T20:45:24","slug":"declaration-de-kevin-king-president-national-portant-sur-le-remaniement-ministeriel","status":"publish","type":"post","link":"https:\/\/www.unesen.ca\/press\/?p=6969&amp;lang=fr","title":{"rendered":"D\u00e9claration de Kevin King, pr\u00e9sident national, portant sur le remaniement minist\u00e9riel"},"content":{"rendered":"\n<p>Le SEN f\u00e9licite Jane Philpott et Seamus O\u2019Regan pour leur nomination respective au cabinet f\u00e9d\u00e9ral.<\/p>\n\n\n\n<p>La ministre Philpott, qui a \u00e9t\u00e9 vice-pr\u00e9sidente du comit\u00e9 du cabinet du Conseil du Tr\u00e9sor, devra r\u00e9tablir les n\u00e9gociations collectives et montrer son engagement \u00e0 l&#8217;\u00e9gard de la prochaine g\u00e9n\u00e9ration du syst\u00e8me de r\u00e9mun\u00e9ration des employ\u00e9es f\u00e9d\u00e9rales et employ\u00e9s f\u00e9d\u00e9raux apr\u00e8s le fiasco de Ph\u00e9nix.<\/p>\n\n\n\n<p>Le ministre O\u2019Regan est nomm\u00e9 \u00e0 Services aux Autochtones Canada (SAC), qui est un nouveau minist\u00e8re f\u00e9d\u00e9ral. Nous esp\u00e9rons que le ministre saura r\u00e9gler les graves probl\u00e8mes de sant\u00e9 et de s\u00e9curit\u00e9 au travail auxquels nos membres sont confront\u00e9(e)s quotidiennement.<\/p>\n\n\n\n<p>Le SEN a h\u00e2te de travailler \u00e0 la fois avec la ministre Philpott et le ministre O\u2019Regan. <\/p>\n\n\n\n<p>Kevin King<\/p>\n\n\n\n<p>Pr\u00e9sident national du SEN<\/p>\n","protected":false},"excerpt":{"rendered":"<p>Le SEN f\u00e9licite Jane Philpott et Seamus O\u2019Regan pour leur nomination respective au cabinet f\u00e9d\u00e9ral. La ministre Philpott, qui a \u00e9t\u00e9 vice-pr\u00e9sidente du comit\u00e9 du cabinet du Conseil du Tr\u00e9sor, devra r\u00e9tablir les n\u00e9gociations collectives et montrer son engagement \u00e0 l&#8217;\u00e9gard de la prochaine g\u00e9n\u00e9ration du syst\u00e8me de r\u00e9mun\u00e9ration des employ\u00e9es f\u00e9d\u00e9rales et employ\u00e9s f\u00e9d\u00e9raux &hellip; <\/p>\n<p class=\"link-more\"><a href=\"https:\/\/www.unesen.ca\/press\/?p=6969&#038;lang=fr\" class=\"more-link\">>><span class=\"screen-reader-text\"> &#8220;D\u00e9claration de Kevin King, pr\u00e9sident national, portant sur le remaniement minist\u00e9riel&#8221;<\/span><\/a><\/p>\n","protected":false},"author":6,"featured_media":6970,"comment_status":"closed","ping_status":"open","sticky":false,"template":"","format":"standard","meta":{"_links_to":"","_links_to_target":""},"categories":[],"tags":[],"_links":{"self":[{"href":"https:\/\/www.unesen.ca\/press\/index.php?rest_route=\/wp\/v2\/posts\/6969"}],"collection":[{"href":"https:\/\/www.unesen.ca\/press\/index.php?rest_route=\/wp\/v2\/posts"}],"about":[{"href":"https:\/\/www.unesen.ca\/press\/index.php?rest_route=\/wp\/v2\/types\/post"}],"author":[{"embeddable":true,"href":"https:\/\/www.unesen.ca\/press\/index.php?rest_route=\/wp\/v2\/users\/6"}],"replies":[{"embeddable":true,"href":"https:\/\/www.unesen.ca\/press\/index.php?rest_route=%2Fwp%2Fv2%2Fcomments&post=6969"}],"version-history":[{"count":1,"href":"https:\/\/www.unesen.ca\/press\/index.php?rest_route=\/wp\/v2\/posts\/6969\/revisions"}],"predecessor-version":[{"id":6971,"href":"https:\/\/www.unesen.ca\/press\/index.php?rest_route=\/wp\/v2\/posts\/6969\/revisions\/6971"}],"wp:featuredmedia":[{"embeddable":true,"href":"https:\/\/www.unesen.ca\/press\/index.php?rest_route=\/wp\/v2\/media\/6970"}],"wp:attachment":[{"href":"https:\/\/www.unesen.ca\/press\/index.php?rest_route=%2Fwp%2Fv2%2Fmedia&parent=6969"}],"wp:term":[{"taxonomy":"category","embeddable":true,"href":"https:\/\/www.unesen.ca\/press\/index.php?rest_route=%2Fwp%2Fv2%2Fcategories&post=6969"},{"taxonomy":"post_tag","embeddable":true,"href":"https:\/\/www.unesen.ca\/press\/index.php?rest_route=%2Fwp%2Fv2%2Ftags&post=6969"}],"curies":[{"name":"wp","href":"https:\/\/api.w.org\/{rel}","templated":true}]}}