{"id":6958,"date":"2019-01-09T14:16:40","date_gmt":"2019-01-09T19:16:40","guid":{"rendered":"http:\/\/fr.une-sen.org\/press\/?p=6958"},"modified":"2019-01-09T14:16:44","modified_gmt":"2019-01-09T19:16:44","slug":"recompenses-et-titres-honorifiques-de-lafpc","status":"publish","type":"post","link":"https:\/\/www.unesen.ca\/press\/?p=6958&amp;lang=fr","title":{"rendered":"R\u00e9compenses et titres honorifiques de l&#8217;AFPC"},"content":{"rendered":"\n<figure class=\"wp-block-image\"><img loading=\"lazy\" width=\"600\" height=\"375\" src=\"http:\/\/www.une-sen.org\/press\/wp-content\/uploads\/2019\/01\/Awards-1.png\" alt=\"\" class=\"wp-image-6959\" srcset=\"https:\/\/www.unesen.ca\/press\/wp-content\/uploads\/2019\/01\/Awards-1.png 600w, https:\/\/www.unesen.ca\/press\/wp-content\/uploads\/2019\/01\/Awards-1-300x188.png 300w\" sizes=\"(max-width: 600px) 100vw, 600px\" \/><\/figure>\n\n\n\n<p>Au Syndicat des employ\u00e9es et employ\u00e9s nationaux, et \u00e0 l\u2019Alliance de la fonction publique du Canada, une grande partie de nos activit\u00e9s serait impossible sans le travail inlassable de nos nombreux b\u00e9n\u00e9voles. C\u2019est pourquoi nous sommes fier de profiter de cette occasion pour exprimer mes remerciements sinc\u00e8res \u00e0 ces membres.<\/p>\n\n\n\n<p><strong>MEMBRE \u00c0 VIE DE L\u2019AFPC<\/strong><\/p>\n\n\n\n<p>Le titre de membre \u00e0 vie de l\u2019Alliance de la fonction publique du Canada est la reconnaissance la plus \u00e9lev\u00e9e qui puisse \u00eatre accord\u00e9e \u00e0 un membre pour service exemplaire aux membres de l\u2019AFPC.<\/p>\n\n\n\n<p> Les candidatures peuvent \u00eatre propos\u00e9es par l\u2019Ex\u00e9cutif national du pr\u00e9sent \u00c9l\u00e9ment ou par le Conseil national d\u2019administration de l\u2019Alliance de la fonction publique du Canada. Veuillez remplir le formulaire de demande et y inclure l\u2019historique complet de service de l\u2019individu. Veuillez prendre soin de faire \u00e9tat des activit\u00e9s syndicales et d\u2019inclure les dates dans le formulaire. <a href=\"http:\/\/syndicatafpc.ca\/eform\/submit\/life-member-nomination-form\">Les crit\u00e8res d\u2019admissibilit\u00e9 et le formulaire se trouvent sur le site Web de l\u2019AFPC<\/a>.<\/p>\n\n\n\n<p> La date limite pour soumettre les demandes \u00e0 consid\u00e9rer, une ann\u00e9e civile, est le 30 novembre.<\/p>\n\n\n\n<p><strong>PRIX D&#8217;EXCELLENCE AUX MEMBRES DE L&#8217;AFPC<\/strong><\/p>\n\n\n\n<p>Le Prix d&#8217;excellence aux membres de l&#8217;AFPC a \u00e9t\u00e9 \u00e9tabli comme m\u00e9thode acceptable de reconnaitre les membres de l&#8217;Alliance de la Fonction publique du Canada qui ont rendu un service de la plus grande distinction et d&#8217;excellence remarquable dans un domaine particulier, dans l&#8217;int\u00e9r\u00eat de l&#8217;AFPC ou de ses membres.<\/p>\n\n\n\n<p> Les candidatures au prix d&#8217;excellence peuvent \u00eatre propos\u00e9es par une section locale, un \u00c9l\u00e9ment ou un membre du Conseil national d&#8217;administration. Veuillez remplir la demande avec soin. <a href=\"http:\/\/syndicatafpc.ca\/eform\/submit\/psac-award-of-merit-for-members\">Les crit\u00e8res d&#8217;admissibilit\u00e9 et le formulaire de demande se trouvent sur le site Web de l&#8217;AFPC<\/a>, <\/p>\n\n\n\n<p>Le 30 novembre est la date limite pour la soumission des demandes que l&#8217;on examinera au cours d&#8217;une ann\u00e9e civile donn\u00e9e.<\/p>\n\n\n\n<p><strong>CERTIFICATS ET \u00c9PINGLETTES POUR \u00c9TATS DE SERVICE DE L&#8217;AFPC<\/strong><\/p>\n\n\n\n<p>Au sein de l&#8217;AFPC, c&#8217;est une tradition de r\u00e9compenser des dirigeantes et dirigeants pour longs \u00e9tats de service en leur remettant des \u00e9pinglettes et des certificats. Ces \u00e9pinglettes et certificats peuvent \u00eatre remis aux dirigeantes et dirigeants qui ont cumul\u00e9 10, 15, 20, 25, 30, 35 ou 40 ans de service.<\/p>\n\n\n\n<p>Si votre section locale souhaite proposer la candidature d&#8217;un membre, vous devez remplir le formulaire \u00e0 cet effet et ajouter l&#8217;historique de service complet de ce membre. Veuillez porter une attention particuli\u00e8re au moment de remplir la section du formulaire li\u00e9e au dossier de service. <a href=\"http:\/\/syndicatafpc.ca\/recompenses-pour-longs-etats-de-service-formulaire-de-mise-en-candidature\">Les crit\u00e8res d&#8217;admissibilit\u00e9 et formulaires de mise en candidature se trouvent sur le site Web.<\/a>  Les mises en candidature doivent \u00eatre soumises au plus tard le 25 janvier 201.<\/p>\n\n\n\n<p><\/p>\n","protected":false},"excerpt":{"rendered":"<p>Au Syndicat des employ\u00e9es et employ\u00e9s nationaux, et \u00e0 l\u2019Alliance de la fonction publique du Canada, une grande partie de nos activit\u00e9s serait impossible sans le travail inlassable de nos nombreux b\u00e9n\u00e9voles. C\u2019est pourquoi nous sommes fier de profiter de cette occasion pour exprimer mes remerciements sinc\u00e8res \u00e0 ces membres. MEMBRE \u00c0 VIE DE L\u2019AFPC &hellip; <\/p>\n<p class=\"link-more\"><a href=\"https:\/\/www.unesen.ca\/press\/?p=6958&#038;lang=fr\" class=\"more-link\">>><span class=\"screen-reader-text\"> &#8220;R\u00e9compenses et titres honorifiques de l&#8217;AFPC&#8221;<\/span><\/a><\/p>\n","protected":false},"author":2,"featured_media":0,"comment_status":"closed","ping_status":"open","sticky":false,"template":"","format":"standard","meta":{"_links_to":"","_links_to_target":""},"categories":[],"tags":[],"_links":{"self":[{"href":"https:\/\/www.unesen.ca\/press\/index.php?rest_route=\/wp\/v2\/posts\/6958"}],"collection":[{"href":"https:\/\/www.unesen.ca\/press\/index.php?rest_route=\/wp\/v2\/posts"}],"about":[{"href":"https:\/\/www.unesen.ca\/press\/index.php?rest_route=\/wp\/v2\/types\/post"}],"author":[{"embeddable":true,"href":"https:\/\/www.unesen.ca\/press\/index.php?rest_route=\/wp\/v2\/users\/2"}],"replies":[{"embeddable":true,"href":"https:\/\/www.unesen.ca\/press\/index.php?rest_route=%2Fwp%2Fv2%2Fcomments&post=6958"}],"version-history":[{"count":1,"href":"https:\/\/www.unesen.ca\/press\/index.php?rest_route=\/wp\/v2\/posts\/6958\/revisions"}],"predecessor-version":[{"id":6960,"href":"https:\/\/www.unesen.ca\/press\/index.php?rest_route=\/wp\/v2\/posts\/6958\/revisions\/6960"}],"wp:attachment":[{"href":"https:\/\/www.unesen.ca\/press\/index.php?rest_route=%2Fwp%2Fv2%2Fmedia&parent=6958"}],"wp:term":[{"taxonomy":"category","embeddable":true,"href":"https:\/\/www.unesen.ca\/press\/index.php?rest_route=%2Fwp%2Fv2%2Fcategories&post=6958"},{"taxonomy":"post_tag","embeddable":true,"href":"https:\/\/www.unesen.ca\/press\/index.php?rest_route=%2Fwp%2Fv2%2Ftags&post=6958"}],"curies":[{"name":"wp","href":"https:\/\/api.w.org\/{rel}","templated":true}]}}