{"id":6944,"date":"2018-12-18T08:37:18","date_gmt":"2018-12-18T13:37:18","guid":{"rendered":"http:\/\/fr.une-sen.org\/press\/?p=6944"},"modified":"2018-12-18T08:53:26","modified_gmt":"2018-12-18T13:53:26","slug":"le-president-national-de-lafpc-et-le-president-national-du-sen-en-visite-au-centre-de-traitement-des-passeports-a-gatineau","status":"publish","type":"post","link":"https:\/\/www.unesen.ca\/press\/?p=6944&amp;lang=fr","title":{"rendered":"Le pr\u00e9sident national de l&#8217;AFPC et le pr\u00e9sident national du SEN en visite au centre de traitement des passeports \u00e0 Gatineau"},"content":{"rendered":"\n<figure class=\"wp-block-image\"><img loading=\"lazy\" width=\"600\" height=\"300\" src=\"http:\/\/www.une-sen.org\/press\/wp-content\/uploads\/2018\/12\/canadian-passport-1.png\" alt=\"\" class=\"wp-image-6945\" srcset=\"https:\/\/www.unesen.ca\/press\/wp-content\/uploads\/2018\/12\/canadian-passport-1.png 600w, https:\/\/www.unesen.ca\/press\/wp-content\/uploads\/2018\/12\/canadian-passport-1-300x150.png 300w\" sizes=\"(max-width: 600px) 100vw, 600px\" \/><\/figure>\n\n\n\n<p>La section locale 70130 du SEN a invit\u00e9 le pr\u00e9sident national de l&#8217;AFPC, Chris Aylward, et le pr\u00e9sident national du SEN, Kevin King, \u00e0 visiter le centre de traitement des passeports \u00e0 Gatineau le 20 d\u00e9cembre 2018.<\/p>\n\n\n\n<p>Ils visiteront le lieu de travail d\u2019environ 500 membres du SEN du Programme de passeport.<\/p>\n\n\n\n<p><a aria-label=\"Depuis que le gouvernement Harper a aboli Passeport Canada (article en anglais), le Programme de passeport rel\u00e8ve d\u00e9sormais d\u2019Emploi et D\u00e9veloppement social Canada (EDSC) et d'Immigration, R\u00e9fugi\u00e9s etCitoyennet\u00e9 Canada (IRCC). (opens in a new tab)\" href=\"https:\/\/www.une-sen.org\/press\/?p=2298\" target=\"_blank\" rel=\"noreferrer noopener\">Depuis que le gouvernement Harper a aboli Passeport Canada (article en anglais)<\/a>, le Programme de passeport rel\u00e8ve d\u00e9sormais d\u2019Emploi et D\u00e9veloppement social Canada (EDSC) et d&#8217;Immigration, R\u00e9fugi\u00e9s etCitoyennet\u00e9 Canada (IRCC).<\/p>\n\n\n\n<p>\u00ab Notre section locale est ravie d\u2019accueillir nos dirigeants et de leur montrer le travail important et distinct accompli par nos membres de passeport \u00bb, a d\u00e9clar\u00e9 la pr\u00e9sidente de la section locale 70130, Rose Touhey, \u00e9galement vice-pr\u00e9sidente r\u00e9gionale adjointe, hors Canada.<\/p>\n\n\n\n<p>Le SEN est fier du travail incroyable effectu\u00e9 par ses membres&nbsp; d\u00e9vou\u00e9(e)s qui travaillent au sein du Programme de passeport!<\/p>\n\n\n\n<p><\/p>\n","protected":false},"excerpt":{"rendered":"<p>La section locale 70130 du SEN a invit\u00e9 le pr\u00e9sident national de l&#8217;AFPC, Chris Aylward, et le pr\u00e9sident national du SEN, Kevin King, \u00e0 visiter le centre de traitement des passeports \u00e0 Gatineau le 20 d\u00e9cembre 2018. Ils visiteront le lieu de travail d\u2019environ 500 membres du SEN du Programme de passeport. Depuis que le &hellip; <\/p>\n<p class=\"link-more\"><a href=\"https:\/\/www.unesen.ca\/press\/?p=6944&#038;lang=fr\" class=\"more-link\">>><span class=\"screen-reader-text\"> &#8220;Le pr\u00e9sident national de l&#8217;AFPC et le pr\u00e9sident national du SEN en visite au centre de traitement des passeports \u00e0 Gatineau&#8221;<\/span><\/a><\/p>\n","protected":false},"author":6,"featured_media":0,"comment_status":"closed","ping_status":"open","sticky":false,"template":"","format":"standard","meta":{"_links_to":"","_links_to_target":""},"categories":[],"tags":[],"_links":{"self":[{"href":"https:\/\/www.unesen.ca\/press\/index.php?rest_route=\/wp\/v2\/posts\/6944"}],"collection":[{"href":"https:\/\/www.unesen.ca\/press\/index.php?rest_route=\/wp\/v2\/posts"}],"about":[{"href":"https:\/\/www.unesen.ca\/press\/index.php?rest_route=\/wp\/v2\/types\/post"}],"author":[{"embeddable":true,"href":"https:\/\/www.unesen.ca\/press\/index.php?rest_route=\/wp\/v2\/users\/6"}],"replies":[{"embeddable":true,"href":"https:\/\/www.unesen.ca\/press\/index.php?rest_route=%2Fwp%2Fv2%2Fcomments&post=6944"}],"version-history":[{"count":5,"href":"https:\/\/www.unesen.ca\/press\/index.php?rest_route=\/wp\/v2\/posts\/6944\/revisions"}],"predecessor-version":[{"id":6950,"href":"https:\/\/www.unesen.ca\/press\/index.php?rest_route=\/wp\/v2\/posts\/6944\/revisions\/6950"}],"wp:attachment":[{"href":"https:\/\/www.unesen.ca\/press\/index.php?rest_route=%2Fwp%2Fv2%2Fmedia&parent=6944"}],"wp:term":[{"taxonomy":"category","embeddable":true,"href":"https:\/\/www.unesen.ca\/press\/index.php?rest_route=%2Fwp%2Fv2%2Fcategories&post=6944"},{"taxonomy":"post_tag","embeddable":true,"href":"https:\/\/www.unesen.ca\/press\/index.php?rest_route=%2Fwp%2Fv2%2Ftags&post=6944"}],"curies":[{"name":"wp","href":"https:\/\/api.w.org\/{rel}","templated":true}]}}