{"id":6921,"date":"2018-12-10T12:37:53","date_gmt":"2018-12-10T17:37:53","guid":{"rendered":"http:\/\/fr.une-sen.org\/press\/?p=6921"},"modified":"2018-12-10T15:26:09","modified_gmt":"2018-12-10T20:26:09","slug":"conference-des-presidentes-et-presidents-des-sections-locales","status":"publish","type":"post","link":"https:\/\/www.unesen.ca\/press\/?p=6921&amp;lang=fr","title":{"rendered":"Conf\u00e9rence des pr\u00e9sidentes et pr\u00e9sidents des sections locales"},"content":{"rendered":"\n<figure class=\"wp-block-image\"><img loading=\"lazy\" width=\"600\" height=\"375\" src=\"http:\/\/www.une-sen.org\/press\/wp-content\/uploads\/2018\/12\/LPConfCallout-f.png\" alt=\"\" class=\"wp-image-6926\" srcset=\"https:\/\/www.unesen.ca\/press\/wp-content\/uploads\/2018\/12\/LPConfCallout-f.png 600w, https:\/\/www.unesen.ca\/press\/wp-content\/uploads\/2018\/12\/LPConfCallout-f-300x188.png 300w\" sizes=\"(max-width: 600px) 100vw, 600px\" \/><\/figure>\n\n\n\n<p>Membres de la famille du SEN,<\/p>\n\n\n\n<p>La <em>Conf\u00e9rence des pr\u00e9sidentes et pr\u00e9sidents des sections locales du SEN<\/em> approche \u00e0 grandspas! les pr\u00e9sidentes et pr\u00e9sidents des sections locales sont invit\u00e9s \u00e0 sejoindre \u00e0 nous, <strong>du 21 au 24 mars&nbsp;<\/strong>prochain, pour retrouver d\u2019autres militantes et militants syndicaux et discuter des enjeux actuels auxquels notre Syndicat est confront\u00e9.<\/p>\n\n\n\n<p>Si vous envisagez d\u2019assister \u00e0 la Conf\u00e9rence,<a href=\"https:\/\/fr.une-sen.org\/events\/conferences\/LP\/2019\/registration\/\"> vous pouvez vous inscrire en ligne <\/a>d\u00e8s maintenant. Les inscriptions seront accept\u00e9es jusqu\u2019au <strong>vendredi 8 f\u00e9vrier<\/strong> <strong>2019<\/strong>.<\/p>\n\n\n\n<p>Si vous \u00eates dans l\u2019impossibilit\u00e9 d\u2019assister \u00e0 la Conf\u00e9rence, nous vous prions de bien vouloir identifier une ou un membre de l\u2019ex\u00e9cutif de votre section locale pour vous remplacer.<\/p>\n\n\n\n<p>Si vous \u00e9prouvez des difficult\u00e9s lors de mon inscription en ligne, veuillez contacter Suzanne Boucher au 613-560-4359 ou par courriel \u00e0 <a href=\"mailto:suzanne.boucher@une-sen.org\">suzanne.boucher@une-sen.org<\/a>. <\/p>\n\n\n\n<p>D\u2019autres informations circuleront en d\u00e9but d\u2019ann\u00e9e prochaine, mais n\u2019h\u00e9sitez pas \u00e0 vous rendre sur le <a href=\"http:\/\/fr.une-sen.org\/events\/conferences\/index.php\">site du SEN<\/a> d\u2019ici les prochains mois pour des mises \u00e0 jour.<\/p>\n\n\n\n<p>En toute solidarit\u00e9, <\/p>\n\n\n\n<p>Kevin King<br>\nPr\u00e9sident national du SEN<\/p>\n","protected":false},"excerpt":{"rendered":"<p>Membres de la famille du SEN, La Conf\u00e9rence des pr\u00e9sidentes et pr\u00e9sidents des sections locales du SEN approche \u00e0 grandspas! les pr\u00e9sidentes et pr\u00e9sidents des sections locales sont invit\u00e9s \u00e0 sejoindre \u00e0 nous, du 21 au 24 mars&nbsp;prochain, pour retrouver d\u2019autres militantes et militants syndicaux et discuter des enjeux actuels auxquels notre Syndicat est confront\u00e9. &hellip; <\/p>\n<p class=\"link-more\"><a href=\"https:\/\/www.unesen.ca\/press\/?p=6921&#038;lang=fr\" class=\"more-link\">>><span class=\"screen-reader-text\"> &#8220;Conf\u00e9rence des pr\u00e9sidentes et pr\u00e9sidents des sections locales&#8221;<\/span><\/a><\/p>\n","protected":false},"author":2,"featured_media":0,"comment_status":"closed","ping_status":"open","sticky":false,"template":"","format":"standard","meta":{"_links_to":"","_links_to_target":""},"categories":[],"tags":[],"_links":{"self":[{"href":"https:\/\/www.unesen.ca\/press\/index.php?rest_route=\/wp\/v2\/posts\/6921"}],"collection":[{"href":"https:\/\/www.unesen.ca\/press\/index.php?rest_route=\/wp\/v2\/posts"}],"about":[{"href":"https:\/\/www.unesen.ca\/press\/index.php?rest_route=\/wp\/v2\/types\/post"}],"author":[{"embeddable":true,"href":"https:\/\/www.unesen.ca\/press\/index.php?rest_route=\/wp\/v2\/users\/2"}],"replies":[{"embeddable":true,"href":"https:\/\/www.unesen.ca\/press\/index.php?rest_route=%2Fwp%2Fv2%2Fcomments&post=6921"}],"version-history":[{"count":4,"href":"https:\/\/www.unesen.ca\/press\/index.php?rest_route=\/wp\/v2\/posts\/6921\/revisions"}],"predecessor-version":[{"id":6935,"href":"https:\/\/www.unesen.ca\/press\/index.php?rest_route=\/wp\/v2\/posts\/6921\/revisions\/6935"}],"wp:attachment":[{"href":"https:\/\/www.unesen.ca\/press\/index.php?rest_route=%2Fwp%2Fv2%2Fmedia&parent=6921"}],"wp:term":[{"taxonomy":"category","embeddable":true,"href":"https:\/\/www.unesen.ca\/press\/index.php?rest_route=%2Fwp%2Fv2%2Fcategories&post=6921"},{"taxonomy":"post_tag","embeddable":true,"href":"https:\/\/www.unesen.ca\/press\/index.php?rest_route=%2Fwp%2Fv2%2Ftags&post=6921"}],"curies":[{"name":"wp","href":"https:\/\/api.w.org\/{rel}","templated":true}]}}