{"id":6910,"date":"2018-11-28T09:07:27","date_gmt":"2018-11-28T14:07:27","guid":{"rendered":"http:\/\/fr.une-sen.org\/press\/?p=6910"},"modified":"2018-11-28T09:07:27","modified_gmt":"2018-11-28T14:07:27","slug":"reprise-des-negociations-avec-le-conseil-du-tresor-sur-fond-de-retard-et-de-frustration","status":"publish","type":"post","link":"https:\/\/www.unesen.ca\/press\/?p=6910&amp;lang=fr","title":{"rendered":"Reprise des n\u00e9gociations avec le Conseil du Tr\u00e9sor sur fond de retard et de frustration"},"content":{"rendered":"<p><img loading=\"lazy\" class=\"alignnone size-full wp-image-6916\" src=\"http:\/\/www.une-sen.org\/press\/wp-content\/uploads\/2018\/11\/BargainingTB-1.png\" alt=\"\" width=\"600\" height=\"375\" srcset=\"https:\/\/www.unesen.ca\/press\/wp-content\/uploads\/2018\/11\/BargainingTB-1.png 600w, https:\/\/www.unesen.ca\/press\/wp-content\/uploads\/2018\/11\/BargainingTB-1-300x188.png 300w\" sizes=\"(max-width: 600px) 100vw, 600px\" \/><\/p>\n<p>Les n\u00e9gociations avec le gouvernement f\u00e9d\u00e9ral se poursuivent cette semaine et la semaine prochaine pour pr\u00e8s de 90 000 fonctionnaires, alors que le cauchemar Ph\u00e9nix continue de hanter la fonction publique.<\/p>\n<p>Les \u00e9quipes de n\u00e9gociation sont constamment reparties bredouilles des derni\u00e8res s\u00e9ances avec le Conseil du Tr\u00e9sor. En juillet, l\u2019AFPC s\u2019\u00e9tait pr\u00e9sent\u00e9e \u00e0 la table avec des propositions claires et un mandat clair pour faire avancer les choses. Malheureusement, le gouvernement n\u2019a pas r\u00e9agi \u00e0 nos revendications et n&#8217;a m\u00eame pas fait de contre-offre.<\/p>\n<p>\u00ab Presque trois ans apr\u00e8s le lancement de Ph\u00e9nix, nos membres attendent toujours d\u2019\u00eatre pay\u00e9s correctement. Comme si \u00e7a ne suffisait pas, ils doivent aussi attendre avant d\u2019obtenir les conditions de travail qu\u2019ils m\u00e9ritent. C\u2019est scandaleux!, tonne Chris Aylward, pr\u00e9sident national de l\u2019AFPC. La frustration gagne nos membres apr\u00e8s six mois de n\u00e9gociation sans succ\u00e8s avec le gouvernement lib\u00e9ral. \u00bb<\/p>\n<p>Du 27 au 29 novembre, les n\u00e9gociations porteront sur les\u00a0<u><strong><a href=\"http:\/\/syndicatafpc.ca\/negos-avec-conseil-du-tresor-lafpc-reclame-hausse?_ga=2.29045372.1531688734.1543330741-790111013.1531841133\">revendications propres \u00e0 chaque groupe<\/a><\/strong><\/u>\u00a0:\u00a0<strong><u><a href=\"http:\/\/syndicatafpc.ca\/pa?_ga=2.29045372.1531688734.1543330741-790111013.1531841133\">Services des programmes et de l\u2019administration (PA)<\/a><\/u><\/strong>,\u00a0<strong><u><a href=\"http:\/\/syndicatafpc.ca\/tc?_ga=2.259096522.1531688734.1543330741-790111013.1531841133\">Services techniques (TC)<\/a><\/u><\/strong>,\u00a0<strong><u><a href=\"http:\/\/syndicatafpc.ca\/sv?_ga=2.192681322.1531688734.1543330741-790111013.1531841133\">Services de l\u2019exploitation (SV)<\/a><\/u><\/strong>,\u00a0<strong><u><a href=\"http:\/\/syndicatafpc.ca\/eb?_ga=2.192681322.1531688734.1543330741-790111013.1531841133\">Enseignement et biblioth\u00e9conomie (EB)<\/a><\/u><\/strong>. La n\u00e9gociation des\u00a0<strong><u><a href=\"http:\/\/syndicatafpc.ca\/proposition-sur-enjeux-communs?_ga=2.260166477.1531688734.1543330741-790111013.1531841133\">enjeux communs<\/a><\/u><\/strong>\u00a0reprendra du 4 au 6\u00a0d\u00e9cembre.<\/p>\n<p>\u00ab Nous demandons au gouvernement d\u2019\u00eatre pr\u00eat \u00e0 n\u00e9gocier s\u00e9rieusement cette fois-ci \u00bb, ajoute le pr\u00e9sident Aylward.<\/p>\n<p><em>Source : syndicatafpc.ca<\/em><\/p>\n","protected":false},"excerpt":{"rendered":"<p>Les n\u00e9gociations avec le gouvernement f\u00e9d\u00e9ral se poursuivent cette semaine et la semaine prochaine pour pr\u00e8s de 90 000 fonctionnaires, alors que le cauchemar Ph\u00e9nix continue de hanter la fonction publique. Les \u00e9quipes de n\u00e9gociation sont constamment reparties bredouilles des derni\u00e8res s\u00e9ances avec le Conseil du Tr\u00e9sor. En juillet, l\u2019AFPC s\u2019\u00e9tait pr\u00e9sent\u00e9e \u00e0 la table &hellip; <\/p>\n<p class=\"link-more\"><a href=\"https:\/\/www.unesen.ca\/press\/?p=6910&#038;lang=fr\" class=\"more-link\">>><span class=\"screen-reader-text\"> &#8220;Reprise des n\u00e9gociations avec le Conseil du Tr\u00e9sor sur fond de retard et de frustration&#8221;<\/span><\/a><\/p>\n","protected":false},"author":2,"featured_media":0,"comment_status":"closed","ping_status":"open","sticky":false,"template":"","format":"standard","meta":{"_links_to":"","_links_to_target":""},"categories":[],"tags":[],"_links":{"self":[{"href":"https:\/\/www.unesen.ca\/press\/index.php?rest_route=\/wp\/v2\/posts\/6910"}],"collection":[{"href":"https:\/\/www.unesen.ca\/press\/index.php?rest_route=\/wp\/v2\/posts"}],"about":[{"href":"https:\/\/www.unesen.ca\/press\/index.php?rest_route=\/wp\/v2\/types\/post"}],"author":[{"embeddable":true,"href":"https:\/\/www.unesen.ca\/press\/index.php?rest_route=\/wp\/v2\/users\/2"}],"replies":[{"embeddable":true,"href":"https:\/\/www.unesen.ca\/press\/index.php?rest_route=%2Fwp%2Fv2%2Fcomments&post=6910"}],"version-history":[{"count":3,"href":"https:\/\/www.unesen.ca\/press\/index.php?rest_route=\/wp\/v2\/posts\/6910\/revisions"}],"predecessor-version":[{"id":6917,"href":"https:\/\/www.unesen.ca\/press\/index.php?rest_route=\/wp\/v2\/posts\/6910\/revisions\/6917"}],"wp:attachment":[{"href":"https:\/\/www.unesen.ca\/press\/index.php?rest_route=%2Fwp%2Fv2%2Fmedia&parent=6910"}],"wp:term":[{"taxonomy":"category","embeddable":true,"href":"https:\/\/www.unesen.ca\/press\/index.php?rest_route=%2Fwp%2Fv2%2Fcategories&post=6910"},{"taxonomy":"post_tag","embeddable":true,"href":"https:\/\/www.unesen.ca\/press\/index.php?rest_route=%2Fwp%2Fv2%2Ftags&post=6910"}],"curies":[{"name":"wp","href":"https:\/\/api.w.org\/{rel}","templated":true}]}}