{"id":6881,"date":"2018-11-14T09:26:52","date_gmt":"2018-11-14T14:26:52","guid":{"rendered":"http:\/\/fr.une-sen.org\/press\/?p=6881"},"modified":"2018-11-14T09:49:10","modified_gmt":"2018-11-14T14:49:10","slug":"phenix-le-gouvernement-corrige-les-cotisations-syndicales-cette-semaine","status":"publish","type":"post","link":"https:\/\/www.unesen.ca\/press\/?p=6881&amp;lang=fr","title":{"rendered":"Ph\u00e9nix : le gouvernement corrige les cotisations syndicales cette semaine"},"content":{"rendered":"<p>Le syst\u00e8me de paie Ph\u00e9nix sera en mesure de rajuster les cotisations cet automne. Les membres recevront une lettre ce mois-ci leur donnant des pr\u00e9cisions sur leur situation concernant les cotisations. <strong>\u00c0 partir de la paye du 14 novembre 2018, les cotisations seront \u00e0 nouveau correctement pr\u00e9lev\u00e9es et les membres se retrouveront alors dans l&#8217;une des deux situations suivantes:<\/strong><\/p>\n<p><strong>Les membres qui ont trop pay\u00e9 de cotisations seront rembours\u00e9-e-s<\/strong>. Nous verserons le montant total qui leur est d\u00fb sur une paye ou deux. \u00c0 partir de janvier 2019, les cotisations devraient \u00eatre calcul\u00e9es selon le nouveau taux.<\/p>\n<p><strong>Pour les membres qui ont un arri\u00e9r\u00e9 de cotisations<\/strong>, l\u2019AFPC proc\u00e9dera au recouvrement d\u2019un maximum d\u2019une ann\u00e9e de cotisations, mais cela ne sera pas fait d\u2019un seul coup. Le recouvrement sera \u00e9tal\u00e9 sur plusieurs payes et se fera en montants correspondant au montant des cotisations mensuelles normales. La majorit\u00e9 des membres nous doivent moins de 300 $; ce recouvrement ne devrait pas prendre plus de deux ou trois mois.<\/p>\n<p>Si vous avez des questions au sujet des arri\u00e9r\u00e9s des cotisations syndicales, <a href=\"http:\/\/syndicatafpc.ca\/renseignements-sur-cotisations\" target=\"_blank\" rel=\"noopener\">vous pouvez remplir ce formulaire<\/a> de demande de renseignements.<\/p>\n<p>En toute solidarit\u00e9,<\/p>\n<p>Le Bureau National du SEN<\/p>\n","protected":false},"excerpt":{"rendered":"<p>Le syst\u00e8me de paie Ph\u00e9nix sera en mesure de rajuster les cotisations cet automne. Les membres recevront une lettre ce mois-ci leur donnant des pr\u00e9cisions sur leur situation concernant les cotisations. \u00c0 partir de la paye du 14 novembre 2018, les cotisations seront \u00e0 nouveau correctement pr\u00e9lev\u00e9es et les membres se retrouveront alors dans l&#8217;une &hellip; <\/p>\n<p class=\"link-more\"><a href=\"https:\/\/www.unesen.ca\/press\/?p=6881&#038;lang=fr\" class=\"more-link\">>><span class=\"screen-reader-text\"> &#8220;Ph\u00e9nix : le gouvernement corrige les cotisations syndicales cette semaine&#8221;<\/span><\/a><\/p>\n","protected":false},"author":6,"featured_media":6883,"comment_status":"closed","ping_status":"open","sticky":false,"template":"","format":"standard","meta":{"_links_to":"","_links_to_target":""},"categories":[],"tags":[],"_links":{"self":[{"href":"https:\/\/www.unesen.ca\/press\/index.php?rest_route=\/wp\/v2\/posts\/6881"}],"collection":[{"href":"https:\/\/www.unesen.ca\/press\/index.php?rest_route=\/wp\/v2\/posts"}],"about":[{"href":"https:\/\/www.unesen.ca\/press\/index.php?rest_route=\/wp\/v2\/types\/post"}],"author":[{"embeddable":true,"href":"https:\/\/www.unesen.ca\/press\/index.php?rest_route=\/wp\/v2\/users\/6"}],"replies":[{"embeddable":true,"href":"https:\/\/www.unesen.ca\/press\/index.php?rest_route=%2Fwp%2Fv2%2Fcomments&post=6881"}],"version-history":[{"count":2,"href":"https:\/\/www.unesen.ca\/press\/index.php?rest_route=\/wp\/v2\/posts\/6881\/revisions"}],"predecessor-version":[{"id":6891,"href":"https:\/\/www.unesen.ca\/press\/index.php?rest_route=\/wp\/v2\/posts\/6881\/revisions\/6891"}],"wp:featuredmedia":[{"embeddable":true,"href":"https:\/\/www.unesen.ca\/press\/index.php?rest_route=\/wp\/v2\/media\/6883"}],"wp:attachment":[{"href":"https:\/\/www.unesen.ca\/press\/index.php?rest_route=%2Fwp%2Fv2%2Fmedia&parent=6881"}],"wp:term":[{"taxonomy":"category","embeddable":true,"href":"https:\/\/www.unesen.ca\/press\/index.php?rest_route=%2Fwp%2Fv2%2Fcategories&post=6881"},{"taxonomy":"post_tag","embeddable":true,"href":"https:\/\/www.unesen.ca\/press\/index.php?rest_route=%2Fwp%2Fv2%2Ftags&post=6881"}],"curies":[{"name":"wp","href":"https:\/\/api.w.org\/{rel}","templated":true}]}}