{"id":6821,"date":"2018-10-17T10:30:02","date_gmt":"2018-10-17T15:30:02","guid":{"rendered":"http:\/\/fr.une-sen.org\/press\/?p=6821"},"modified":"2018-10-17T10:35:44","modified_gmt":"2018-10-17T15:35:44","slug":"forum-national-des-jeunes-2018-de-lafpc","status":"publish","type":"post","link":"https:\/\/www.unesen.ca\/press\/?p=6821&amp;lang=fr","title":{"rendered":"Forum national des jeunes 2018 de l&#8217;AFPC"},"content":{"rendered":"<p>Le Comit\u00e9 ex\u00e9cutif de I&#8217;Alliance a approuv\u00e9 la tenue d&#8217;un <strong>Forum national des jeunes<\/strong>, un \u00e9v\u00e9nement qui aura lieu \u00e0 Ottawa du <strong>7 au 9 d\u00e9cembre<\/strong>.<\/p>\n<p>Ce forum sera une occasion pour un nombre limit\u00e9 de jeunes travailleurs et travailleuses (35 ans ou moins) de participer \u00e0 une fin de semaine dynamique de r\u00e9seautage et de planification pour le cycle 2019-2021. Nous organisons cet \u00e9v\u00e9nement en vue de stimuler la mise sur pied de nouveaux comit\u00e9s des jeunes, de solidifier ceux qui existent d\u00e9j\u00e0 et d&#8217;\u00e9tablir un plan pour leur succ\u00e8s \u00e0 long terme.<\/p>\n<p>Les objectifs du forum sont comme suit:<\/p>\n<ul>\n<li>\u00c9laborer des strat\u00e9gies pour renforcer et revitaliser les comit\u00e9s r\u00e9gionaux des jeunes<\/li>\n<li>R\u00e9seauter et \u00e9changer sur les exp\u00e9riences et les r\u00e9ussites<\/li>\n<li>Trouver des fa\u00e7ons pour les jeunes de se mobiliser autour des dossiers et des campagnes de I&#8217;AFPC pour les trois prochaines ann\u00e9es<\/li>\n<li>B\u00e2tir un r\u00e9seau pour soutenir les initiatives des jeunes de partout au pays<\/li>\n<li>Dresser une liste d&#8217;outils et de ressources dont les comit\u00e9s des jeunes auront besoin pour assurer leur succ\u00e8s<\/li>\n<li>Participer \u00e0 des ateliers motivants et inspirants<\/li>\n<\/ul>\n<p>Les jeunes membres qui souhaitent assister au forum peuvent communiquer avec le bureau du ou de la VPER de leur r\u00e9gion pour se renseigner sur le processus de s\u00e9lection et la date limite pour pr\u00e9senter une demande de participation.<\/p>\n<p>En toute solidarit\u00e9,<\/p>\n<p>Chris Aylward<br \/>\nPr\u00e9sident national, AFPC<b><i><\/i><\/b><\/p>\n<p>&nbsp;<\/p>\n","protected":false},"excerpt":{"rendered":"<p>Le Comit\u00e9 ex\u00e9cutif de I&#8217;Alliance a approuv\u00e9 la tenue d&#8217;un Forum national des jeunes, un \u00e9v\u00e9nement qui aura lieu \u00e0 Ottawa du 7 au 9 d\u00e9cembre. Ce forum sera une occasion pour un nombre limit\u00e9 de jeunes travailleurs et travailleuses (35 ans ou moins) de participer \u00e0 une fin de semaine dynamique de r\u00e9seautage et &hellip; <\/p>\n<p class=\"link-more\"><a href=\"https:\/\/www.unesen.ca\/press\/?p=6821&#038;lang=fr\" class=\"more-link\">>><span class=\"screen-reader-text\"> &#8220;Forum national des jeunes 2018 de l&#8217;AFPC&#8221;<\/span><\/a><\/p>\n","protected":false},"author":6,"featured_media":6823,"comment_status":"closed","ping_status":"open","sticky":false,"template":"","format":"standard","meta":{"_links_to":"","_links_to_target":""},"categories":[],"tags":[],"_links":{"self":[{"href":"https:\/\/www.unesen.ca\/press\/index.php?rest_route=\/wp\/v2\/posts\/6821"}],"collection":[{"href":"https:\/\/www.unesen.ca\/press\/index.php?rest_route=\/wp\/v2\/posts"}],"about":[{"href":"https:\/\/www.unesen.ca\/press\/index.php?rest_route=\/wp\/v2\/types\/post"}],"author":[{"embeddable":true,"href":"https:\/\/www.unesen.ca\/press\/index.php?rest_route=\/wp\/v2\/users\/6"}],"replies":[{"embeddable":true,"href":"https:\/\/www.unesen.ca\/press\/index.php?rest_route=%2Fwp%2Fv2%2Fcomments&post=6821"}],"version-history":[{"count":5,"href":"https:\/\/www.unesen.ca\/press\/index.php?rest_route=\/wp\/v2\/posts\/6821\/revisions"}],"predecessor-version":[{"id":6830,"href":"https:\/\/www.unesen.ca\/press\/index.php?rest_route=\/wp\/v2\/posts\/6821\/revisions\/6830"}],"wp:featuredmedia":[{"embeddable":true,"href":"https:\/\/www.unesen.ca\/press\/index.php?rest_route=\/wp\/v2\/media\/6823"}],"wp:attachment":[{"href":"https:\/\/www.unesen.ca\/press\/index.php?rest_route=%2Fwp%2Fv2%2Fmedia&parent=6821"}],"wp:term":[{"taxonomy":"category","embeddable":true,"href":"https:\/\/www.unesen.ca\/press\/index.php?rest_route=%2Fwp%2Fv2%2Fcategories&post=6821"},{"taxonomy":"post_tag","embeddable":true,"href":"https:\/\/www.unesen.ca\/press\/index.php?rest_route=%2Fwp%2Fv2%2Ftags&post=6821"}],"curies":[{"name":"wp","href":"https:\/\/api.w.org\/{rel}","templated":true}]}}