{"id":6808,"date":"2018-10-17T08:49:29","date_gmt":"2018-10-17T13:49:29","guid":{"rendered":"http:\/\/fr.une-sen.org\/press\/?p=6808"},"modified":"2018-10-17T08:49:29","modified_gmt":"2018-10-17T13:49:29","slug":"le-sttp-remet-a-postes-canada-les-preavis-de-greve","status":"publish","type":"post","link":"https:\/\/www.unesen.ca\/press\/?p=6808&amp;lang=fr","title":{"rendered":"Le STTP remet \u00e0 Postes Canada les pr\u00e9avis de gr\u00e8ve"},"content":{"rendered":"<p>Mardi 16 Octobre 2018<\/p>\n<p><em>Si les parties ne parviennent pas \u00e0 s\u2019entendre au cours de la fin de semaine, le service pourrait \u00eatre perturb\u00e9 d\u00e8s lundi.<\/em><\/p>\n<p style=\"text-align: left;\"><strong>Pour diffusion imm\u00e9diate<\/strong><\/p>\n<p style=\"text-align: left;\">\n<strong>Ottawa<\/strong> \u2013 Le Syndicat des travailleurs et travailleuses des postes (STTP) a remis aujourd\u2019hui \u00e0 Postes Canada les pr\u00e9avis l\u2019informant que des mesures de gr\u00e8ve d\u00e9buteront la semaine prochaine si des ententes ne sont pas conclues pour l\u2019unit\u00e9 de l\u2019exploitation postale urbaine et celle des factrices et facteurs ruraux et suburbains (FFRS).<\/p>\n<p style=\"text-align: left;\">\nSi la gr\u00e8ve s\u2019av\u00e8re n\u00e9cessaire, le STTP d\u00e9clenchera des gr\u00e8ves tournantes le lundi 22 octobre \u00e0 minuit une minute. Il lui reste \u00e0 d\u00e9terminer les endroits o\u00f9 elles auront lieu.<\/p>\n<p style=\"text-align: left;\">\n\u00ab Nous avons de nos membres un mandat de gr\u00e8ve clair si Postes Canada refuse de r\u00e9gler les principaux enjeux, comme la sant\u00e9 et la s\u00e9curit\u00e9, l\u2019\u00e9galit\u00e9 hommes-femmes et le maintien d\u2019emplois \u00e0 plein temps de la classe moyenne, affirme Mike Palecek, pr\u00e9sident national du STTP. Notre objectif est toujours de n\u00e9gocier des conventions collectives sans avoir recours \u00e0 la gr\u00e8ve. Postes Canada a l\u2019occasion cette semaine de faire ce qui s\u2019impose pour y parvenir. \u00bb<\/p>\n<p style=\"text-align: left;\">\nLes principales revendications des travailleuses et travailleurs des postes au cours des pr\u00e9sentes n\u00e9gociations sont la s\u00e9curit\u00e9 d\u2019emploi, l\u2019\u00e9limination des heures suppl\u00e9mentaires obligatoires et de la surcharge de travail, de meilleures mesures en mati\u00e8re de sant\u00e9 et de s\u00e9curit\u00e9, l\u2019expansion des services et l\u2019\u00e9galit\u00e9 pour les FFRS.<\/p>\n<p style=\"text-align: left;\">\nAu cours des dix derni\u00e8res ann\u00e9es, les conditions de travail des travailleuses et travailleurs des postes se sont d\u00e9t\u00e9rior\u00e9es parce que Postes Canada n\u2019a pas su s\u2019adapter \u00e0 la forte augmentation du volume de colis ni r\u00e9gler les probl\u00e8mes qui en r\u00e9sultent.<\/p>\n<p style=\"text-align: left;\">\nPostes Canada doit aussi r\u00e9gler le probl\u00e8me des accidents du travail qui ont augment\u00e9 de 43 % au cours des deux derni\u00e8res ann\u00e9es. Aujourd\u2019hui, le taux de blessures invalidantes chez les facteurs et factrices est huit fois plus \u00e9lev\u00e9 que dans le reste du secteur f\u00e9d\u00e9ral, qui comprend le d\u00e9bardage, les mines, le transport routier et les chemins de fer.<\/p>\n<p style=\"text-align: left;\">\n\u00ab Une soci\u00e9t\u00e9 d\u2019\u00c9tat peut et doit faire mieux. Nos membres m\u00e9ritent mieux. \u00bb, affirme Mike Palecek.<\/p>\n<p>Source:\u00a0<a href=\"https:\/\/www.cupw.ca\/fr\/le-sttp-remet-\u00e0-postes-canada-les-pr\u00e9avis-de-gr\u00e8ve\" target=\"_blank\" rel=\"noopener\">https:\/\/www.cupw.ca\/fr\/le-sttp-remet-\u00e0-postes-canada-les-pr\u00e9avis-de-gr\u00e8ve<\/a><\/p>\n","protected":false},"excerpt":{"rendered":"<p>Mardi 16 Octobre 2018 Si les parties ne parviennent pas \u00e0 s\u2019entendre au cours de la fin de semaine, le service pourrait \u00eatre perturb\u00e9 d\u00e8s lundi. Pour diffusion imm\u00e9diate Ottawa \u2013 Le Syndicat des travailleurs et travailleuses des postes (STTP) a remis aujourd\u2019hui \u00e0 Postes Canada les pr\u00e9avis l\u2019informant que des mesures de gr\u00e8ve d\u00e9buteront &hellip; <\/p>\n<p class=\"link-more\"><a href=\"https:\/\/www.unesen.ca\/press\/?p=6808&#038;lang=fr\" class=\"more-link\">>><span class=\"screen-reader-text\"> &#8220;Le STTP remet \u00e0 Postes Canada les pr\u00e9avis de gr\u00e8ve&#8221;<\/span><\/a><\/p>\n","protected":false},"author":6,"featured_media":6810,"comment_status":"closed","ping_status":"open","sticky":false,"template":"","format":"standard","meta":{"_links_to":"","_links_to_target":""},"categories":[],"tags":[],"_links":{"self":[{"href":"https:\/\/www.unesen.ca\/press\/index.php?rest_route=\/wp\/v2\/posts\/6808"}],"collection":[{"href":"https:\/\/www.unesen.ca\/press\/index.php?rest_route=\/wp\/v2\/posts"}],"about":[{"href":"https:\/\/www.unesen.ca\/press\/index.php?rest_route=\/wp\/v2\/types\/post"}],"author":[{"embeddable":true,"href":"https:\/\/www.unesen.ca\/press\/index.php?rest_route=\/wp\/v2\/users\/6"}],"replies":[{"embeddable":true,"href":"https:\/\/www.unesen.ca\/press\/index.php?rest_route=%2Fwp%2Fv2%2Fcomments&post=6808"}],"version-history":[{"count":3,"href":"https:\/\/www.unesen.ca\/press\/index.php?rest_route=\/wp\/v2\/posts\/6808\/revisions"}],"predecessor-version":[{"id":6813,"href":"https:\/\/www.unesen.ca\/press\/index.php?rest_route=\/wp\/v2\/posts\/6808\/revisions\/6813"}],"wp:featuredmedia":[{"embeddable":true,"href":"https:\/\/www.unesen.ca\/press\/index.php?rest_route=\/wp\/v2\/media\/6810"}],"wp:attachment":[{"href":"https:\/\/www.unesen.ca\/press\/index.php?rest_route=%2Fwp%2Fv2%2Fmedia&parent=6808"}],"wp:term":[{"taxonomy":"category","embeddable":true,"href":"https:\/\/www.unesen.ca\/press\/index.php?rest_route=%2Fwp%2Fv2%2Fcategories&post=6808"},{"taxonomy":"post_tag","embeddable":true,"href":"https:\/\/www.unesen.ca\/press\/index.php?rest_route=%2Fwp%2Fv2%2Ftags&post=6808"}],"curies":[{"name":"wp","href":"https:\/\/api.w.org\/{rel}","templated":true}]}}