{"id":6798,"date":"2018-10-10T10:00:10","date_gmt":"2018-10-10T15:00:10","guid":{"rendered":"http:\/\/fr.une-sen.org\/press\/?p=6798"},"modified":"2018-10-10T10:00:10","modified_gmt":"2018-10-10T15:00:10","slug":"phenix-des-annees-derreurs-dans-les-cotisations-syndicales-a-corriger","status":"publish","type":"post","link":"https:\/\/www.unesen.ca\/press\/?p=6798&amp;lang=fr","title":{"rendered":"Ph\u00e9nix : des ann\u00e9es d\u2019erreurs dans les cotisations syndicales \u00e0 corriger"},"content":{"rendered":"<p><img loading=\"lazy\" class=\"alignnone size-full wp-image-6800\" src=\"http:\/\/www.une-sen.org\/press\/wp-content\/uploads\/2018\/10\/BurntByPhoenix-f.png\" alt=\"\" width=\"600\" height=\"375\" srcset=\"https:\/\/www.unesen.ca\/press\/wp-content\/uploads\/2018\/10\/BurntByPhoenix-f.png 600w, https:\/\/www.unesen.ca\/press\/wp-content\/uploads\/2018\/10\/BurntByPhoenix-f-300x188.png 300w\" sizes=\"(max-width: 600px) 100vw, 600px\" \/><\/p>\n<p>Trop pay\u00e9s, pas assez pay\u00e9s ou pas pay\u00e9s du tout\u2026 le syst\u00e8me de paye Ph\u00e9nix a caus\u00e9 d&#8217;\u00e9normes difficult\u00e9s \u00e0 nos membres. Le syndicat a beaucoup travaill\u00e9 pour corriger la situation.<\/p>\n<p>En plus de perturber le processus de la paye, Ph\u00e9nix a aussi perturb\u00e9 le processus des cotisations syndicales. Vous pouvez nous aider \u00e0 faire pression sur le gouvernement pour qu&#8217;il paye ses fonctionnaires avec exactitude, paye apr\u00e8s paye.<\/p>\n<p>Pendant des ann\u00e9es, le syst\u00e8me Ph\u00e9nix a mal pr\u00e9lev\u00e9 les cotisations syndicales de pr\u00e8s de 150\u202f000 membres de l\u2019Alliance de la Fonction publique du Canada. Des milliers de fonctionnaires ont soit pay\u00e9 trop de cotisations, soit pas assez.<\/p>\n<p>En novembre, le gouvernement sera enfin en mesure de corriger les erreurs de Ph\u00e9nix, et les cotisations des membres de l\u2019AFPC seront \u00e0 nouveau correctement pr\u00e9lev\u00e9es.<\/p>\n<p><strong><a href=\"http:\/\/syndicatafpc.ca\/cotisations\/FAQ\">Rajustement Des Cotisations Syndicales : Foire Aux Questions<\/a><\/strong><\/p>\n<h2>Un syst\u00e8me d\u00e9faillant<\/h2>\n<p>L\u2019AFPC a un syst\u00e8me \u00e9tabli depuis longtemps pour calculer les cotisations de ses membres. Les donn\u00e9es sont mises \u00e0 jour tous les mois et envoy\u00e9es au gouvernement pour \u00eatre entr\u00e9es dans le syst\u00e8me de paye. Cependant, \u00e0 cause du dysfonctionnement de Ph\u00e9nix, le gouvernement n\u2019a pas \u00e9t\u00e9 en mesure d\u2019appliquer les mises \u00e0 jour depuis mars 2016.<\/p>\n<p>Cela a caus\u00e9 des erreurs de paye pour des milliers de fonctionnaires, surtout ceux qui ont connu d\u2019importants changements par rapport \u00e0 leur emploi, par exemple ceux qui ont eu une promotion, chang\u00e9 de poste, pris un cong\u00e9 parental ou pris leur retraite.<\/p>\n<h2>Un probl\u00e8me r\u00e9pandu<\/h2>\n<p>En raison de l\u2019incapacit\u00e9 du syst\u00e8me de bien calculer les cotisations, plus de 39\u202f000 membres de l\u2019AFPC ont pay\u00e9 trop de cotisations et ont donc droit \u00e0 un remboursement. Nous avons estim\u00e9 que les remboursements atteindront pr\u00e8s de 2,6 millions de dollars.<\/p>\n<p>Malheureusement, beaucoup d\u2019autres membres, soit pr\u00e8s de 111\u202f000, n\u2019ont pas assez pay\u00e9 de cotisations. Pour ces membres, nous ferons des pr\u00e9l\u00e8vements de recouvrement \u00e0 partir du 14 novembre.<\/p>\n<p>La majorit\u00e9 de ces membres nous doivent moins de 300 $. Conform\u00e9ment \u00e0 nos politiques, le recouvrement se fera en petits montants et sera \u00e9tal\u00e9 sur plusieurs payes. En outre, l\u2019AFPC a aussi pour politique de ne pas r\u00e9cup\u00e9rer plus qu&#8217;un montant \u00e9quivalent \u00e0 une ann\u00e9e de cotisations, m\u00eame si le membre doit plus que ce montant.<\/p>\n<p>Notre manque \u00e0 gagner au titre des cotisations atteint presque 20 millions de dollars. Les cotisations syndicales servent \u00e0 financer des services essentiels pour nos membres, par exemple la n\u00e9gociation collective et la repr\u00e9sentation juridique, la d\u00e9fense des griefs et la formation. Nous ne p\u00e9naliserons pas nos membres pour l&#8217;erreur que le gouvernement a commise en implantant Ph\u00e9nix. Nous ne nous attendons pas \u00e0 pouvoir recouvrer tout l&#8217;argent qui nous est d\u00fb aupr\u00e8s de nos membres. Nous prendrons tous les moyens juridiques disponibles pour nous faire rembourser par le gouvernement les arri\u00e9r\u00e9s de cotisations que nous ne pouvons pas r\u00e9cup\u00e9rer aupr\u00e8s des membres.<\/p>\n<h3>Qu\u2019est-ce que cela signifie pour les membres de l\u2019AFPC?<\/h3>\n<p>Le syst\u00e8me Ph\u00e9nix sera en mesure de rajuster les cotisations cet automne. Les membres recevront une lettre vers la fin novembre leur donnant des pr\u00e9cisions sur leur situation concernant les cotisations. \u00c0 partir de la paye du 14 novembre, les cotisations seront \u00e0 nouveau correctement pr\u00e9lev\u00e9es.<\/p>\n<p><strong>Les membres qui ont trop pay\u00e9 de cotisations seront rembours\u00e9s.<\/strong> Nous verserons le montant <strong>total<\/strong> qui leur est d\u00fb sur une paye ou deux. \u00c0 partir de janvier 2019, les cotisations devraient \u00eatre calcul\u00e9es selon le nouveau taux r\u00e9duit.<\/p>\n<p><strong>Pour les membres qui ont un arri\u00e9r\u00e9 de cotisations<\/strong>, l\u2019AFPC proc\u00e9dera au recouvrement d\u2019un maximum d\u2019une ann\u00e9e de cotisations, mais cela ne sera pas fait d\u2019un seul coup. Le recouvrement sera \u00e9tal\u00e9 sur plusieurs payes et se fera <a href=\"http:\/\/syndicatafpc.ca\/cotisations\/FAQ\">en petits montants correspondant au montant des cotisations mensuelles normales<\/a>. La majorit\u00e9 des membres nous doivent moins de 300 $; pour eux, le recouvrement ne devrait pas prendre plus de deux ou trois mois.<\/p>\n<h3 class=\"rtecenter\"><strong>Si vous avez des questions au sujet des arri\u00e9r\u00e9s des cotisations syndicales,\u00a0<a href=\"http:\/\/syndicatafpc.ca\/renseignements-sur-cotisations\">vous pouvez remplir notre formulaire<\/a>\u00a0de demande de renseignements.<\/strong><\/h3>\n<p>&nbsp;<\/p>\n<p><em>Source :\u00a0<a href=\"http:\/\/syndicatafpc.ca\/cotisations\">http:\/\/syndicatafpc.ca\/cotisations<\/a><\/em><\/p>\n","protected":false},"excerpt":{"rendered":"<p>Trop pay\u00e9s, pas assez pay\u00e9s ou pas pay\u00e9s du tout\u2026 le syst\u00e8me de paye Ph\u00e9nix a caus\u00e9 d&#8217;\u00e9normes difficult\u00e9s \u00e0 nos membres. Le syndicat a beaucoup travaill\u00e9 pour corriger la situation. En plus de perturber le processus de la paye, Ph\u00e9nix a aussi perturb\u00e9 le processus des cotisations syndicales. Vous pouvez nous aider \u00e0 faire &hellip; <\/p>\n<p class=\"link-more\"><a href=\"https:\/\/www.unesen.ca\/press\/?p=6798&#038;lang=fr\" class=\"more-link\">>><span class=\"screen-reader-text\"> &#8220;Ph\u00e9nix : des ann\u00e9es d\u2019erreurs dans les cotisations syndicales \u00e0 corriger&#8221;<\/span><\/a><\/p>\n","protected":false},"author":2,"featured_media":0,"comment_status":"closed","ping_status":"open","sticky":false,"template":"","format":"standard","meta":{"_links_to":"","_links_to_target":""},"categories":[],"tags":[],"_links":{"self":[{"href":"https:\/\/www.unesen.ca\/press\/index.php?rest_route=\/wp\/v2\/posts\/6798"}],"collection":[{"href":"https:\/\/www.unesen.ca\/press\/index.php?rest_route=\/wp\/v2\/posts"}],"about":[{"href":"https:\/\/www.unesen.ca\/press\/index.php?rest_route=\/wp\/v2\/types\/post"}],"author":[{"embeddable":true,"href":"https:\/\/www.unesen.ca\/press\/index.php?rest_route=\/wp\/v2\/users\/2"}],"replies":[{"embeddable":true,"href":"https:\/\/www.unesen.ca\/press\/index.php?rest_route=%2Fwp%2Fv2%2Fcomments&post=6798"}],"version-history":[{"count":2,"href":"https:\/\/www.unesen.ca\/press\/index.php?rest_route=\/wp\/v2\/posts\/6798\/revisions"}],"predecessor-version":[{"id":6801,"href":"https:\/\/www.unesen.ca\/press\/index.php?rest_route=\/wp\/v2\/posts\/6798\/revisions\/6801"}],"wp:attachment":[{"href":"https:\/\/www.unesen.ca\/press\/index.php?rest_route=%2Fwp%2Fv2%2Fmedia&parent=6798"}],"wp:term":[{"taxonomy":"category","embeddable":true,"href":"https:\/\/www.unesen.ca\/press\/index.php?rest_route=%2Fwp%2Fv2%2Fcategories&post=6798"},{"taxonomy":"post_tag","embeddable":true,"href":"https:\/\/www.unesen.ca\/press\/index.php?rest_route=%2Fwp%2Fv2%2Ftags&post=6798"}],"curies":[{"name":"wp","href":"https:\/\/api.w.org\/{rel}","templated":true}]}}