{"id":6789,"date":"2018-10-04T07:53:12","date_gmt":"2018-10-04T12:53:12","guid":{"rendered":"http:\/\/fr.une-sen.org\/press\/?p=6789"},"modified":"2018-10-04T07:53:12","modified_gmt":"2018-10-04T12:53:12","slug":"le-4-octobre-2018-veilles-de-soeurs-par-lesprit","status":"publish","type":"post","link":"https:\/\/www.unesen.ca\/press\/?p=6789&amp;lang=fr","title":{"rendered":"Le 4 octobre 2018: Veilles de S\u0153urs par l\u2019esprit"},"content":{"rendered":"<p style=\"text-align: center;\"><a href=\"http:\/\/www.une-sen.org\/press\/wp-content\/uploads\/2018\/10\/sisvf.png\"><img loading=\"lazy\" class=\"alignnone size-medium wp-image-6791\" src=\"http:\/\/www.une-sen.org\/press\/wp-content\/uploads\/2018\/10\/sisvf-300x188.png\" alt=\"\" width=\"300\" height=\"188\" srcset=\"https:\/\/www.unesen.ca\/press\/wp-content\/uploads\/2018\/10\/sisvf-300x188.png 300w, https:\/\/www.unesen.ca\/press\/wp-content\/uploads\/2018\/10\/sisvf.png 600w\" sizes=\"(max-width: 300px) 100vw, 300px\" \/><\/a><\/p>\n<p>Vous \u00eates invit\u00e9-e-s \u00e0 c\u00e9l\u00e9brer, honorer et soutenir les femmes et les filles autochtones ainsi que leurs familles le 4 octobre en participant \u00e0 une veille de S\u0153urs par l\u2019esprit ou en organisant une.<\/p>\n<p>En 2005, l\u2019<a href=\"https:\/\/www.nwac.ca\/\" target=\"_blank\" rel=\"noopener\">Association des femmes autochtones du Canada (AFAC)<\/a> (lien en anglais seulement)\u00a0 a commenc\u00e9 \u00e0 attirer l\u2019attention sur la question de la violence envers les femmes autochtones. Elle a cr\u00e9\u00e9 une base de donn\u00e9es sur 582 femmes et filles disparues ou assassin\u00e9es.<\/p>\n<p>\u00ab Chaque ann\u00e9e, des proches, des membres de la communaut\u00e9 autochtone et des alli\u00e9-e-s se rassemblent <a href=\"https:\/\/www.nwac.ca\/home\/policy-areas\/violence-prevention-and-safety\/sisters-in-spirit\/october-4th-vigils\/\" target=\"_blank\" rel=\"noopener\">le 4 octobre<\/a> (lien en anglais seulement) sur la Colline du Parlement et \u00e0 travers le pays. Nous nous r\u00e9unissons pour honorer nos s\u0153urs et leurs familles touch\u00e9es par la violence. \u00bb<\/p>\n<p>Une veille de S\u0153urs par l\u2019esprit peut prendre diff\u00e9rentes formes, un moment de silence, une marche ou encore un festin communautaire. Ce qui importe c\u2019est que vous preniez un moment, le 4 octobre ou autour de cette date, pour souligner cette journ\u00e9e.<\/p>\n<p>En r\u00e9ponse aux multiples appels \u00e0 l\u2019action lanc\u00e9s par des organismes, dont l\u2019AFAC et l\u2019Alliance f\u00e9ministe pour l\u2019action internationale (AFAI), le gouvernement du Canada a mis sur pied, en septembre 2016, une enqu\u00eate nationale ind\u00e9pendante sur les femmes et les filles autochtones disparues et assassin\u00e9es.<\/p>\n<p><a href=\"http:\/\/syndicatafpc.ca\/lafpc-reclame-justice-femmes-filles-autochtones?_ga=2.76193557.1439119330.1538594934-1085135486.1530128637\" target=\"_blank\" rel=\"noopener\">L\u2019AFPC r\u00e9clame \u00e9galement justice pour les femmes et les filles autochtones<\/a>.\u00a0 \u00ab L\u2019Enqu\u00eate doit mener \u00e0 la gu\u00e9rison et \u00e0 la justice pour toutes les personnes touch\u00e9es par cette trag\u00e9die encore bien pr\u00e9sente, et c\u2019est au gouvernement d\u2019y voir, affirme Magali Picard, vice-pr\u00e9sidente nationale de l\u2019AFPC. Les femmes et les filles autochtones et leurs familles ont droit \u00e0 des r\u00e9ponses. Elles m\u00e9ritent que justice soit faite. \u00bb<\/p>\n<p>\u00ab Les femmes autochtones sont aim\u00e9es et pr\u00e9cieuses. Cependant, les statistiques sur les femmes et les filles autochtones assassin\u00e9es et disparues montrent qu&#8217;elles sont en danger. Comment pouvons-nous, comme soci\u00e9t\u00e9, assurer leur s\u00e9curit\u00e9? Deux questions d&#8217;une femme autochtone qui a pris la parole, lors d&#8217;une r\u00e9union de soutien il y a plusieurs ann\u00e9es, r\u00e9sonnent toujours: \u00abAllez-vous m&#8217;entendre? Allez-vous me croire? \u00bb d\u00e9clare Ruby Langan, repr\u00e9sentante nationale de l&#8217;\u00e9quit\u00e9 pour les Autochtones du SEN.<\/p>\n","protected":false},"excerpt":{"rendered":"<p>Vous \u00eates invit\u00e9-e-s \u00e0 c\u00e9l\u00e9brer, honorer et soutenir les femmes et les filles autochtones ainsi que leurs familles le 4 octobre en participant \u00e0 une veille de S\u0153urs par l\u2019esprit ou en organisant une. En 2005, l\u2019Association des femmes autochtones du Canada (AFAC) (lien en anglais seulement)\u00a0 a commenc\u00e9 \u00e0 attirer l\u2019attention sur la question &hellip; <\/p>\n<p class=\"link-more\"><a href=\"https:\/\/www.unesen.ca\/press\/?p=6789&#038;lang=fr\" class=\"more-link\">>><span class=\"screen-reader-text\"> &#8220;Le 4 octobre 2018: Veilles de S\u0153urs par l\u2019esprit&#8221;<\/span><\/a><\/p>\n","protected":false},"author":6,"featured_media":0,"comment_status":"closed","ping_status":"open","sticky":false,"template":"","format":"standard","meta":{"_links_to":"","_links_to_target":""},"categories":[],"tags":[],"_links":{"self":[{"href":"https:\/\/www.unesen.ca\/press\/index.php?rest_route=\/wp\/v2\/posts\/6789"}],"collection":[{"href":"https:\/\/www.unesen.ca\/press\/index.php?rest_route=\/wp\/v2\/posts"}],"about":[{"href":"https:\/\/www.unesen.ca\/press\/index.php?rest_route=\/wp\/v2\/types\/post"}],"author":[{"embeddable":true,"href":"https:\/\/www.unesen.ca\/press\/index.php?rest_route=\/wp\/v2\/users\/6"}],"replies":[{"embeddable":true,"href":"https:\/\/www.unesen.ca\/press\/index.php?rest_route=%2Fwp%2Fv2%2Fcomments&post=6789"}],"version-history":[{"count":2,"href":"https:\/\/www.unesen.ca\/press\/index.php?rest_route=\/wp\/v2\/posts\/6789\/revisions"}],"predecessor-version":[{"id":6793,"href":"https:\/\/www.unesen.ca\/press\/index.php?rest_route=\/wp\/v2\/posts\/6789\/revisions\/6793"}],"wp:attachment":[{"href":"https:\/\/www.unesen.ca\/press\/index.php?rest_route=%2Fwp%2Fv2%2Fmedia&parent=6789"}],"wp:term":[{"taxonomy":"category","embeddable":true,"href":"https:\/\/www.unesen.ca\/press\/index.php?rest_route=%2Fwp%2Fv2%2Fcategories&post=6789"},{"taxonomy":"post_tag","embeddable":true,"href":"https:\/\/www.unesen.ca\/press\/index.php?rest_route=%2Fwp%2Fv2%2Ftags&post=6789"}],"curies":[{"name":"wp","href":"https:\/\/api.w.org\/{rel}","templated":true}]}}