{"id":6779,"date":"2018-10-02T14:14:12","date_gmt":"2018-10-02T19:14:12","guid":{"rendered":"http:\/\/fr.une-sen.org\/press\/?p=6779"},"modified":"2018-10-02T14:14:12","modified_gmt":"2018-10-02T19:14:12","slug":"conference-nationale-sur-la-negociation-parcs-canada","status":"publish","type":"post","link":"https:\/\/www.unesen.ca\/press\/?p=6779&amp;lang=fr","title":{"rendered":"Conf\u00e9rence nationale sur la n\u00e9gociation &#8211; Parcs Canada"},"content":{"rendered":"<p>Des membres de l\u2019AFPC qui travaillent \u00e0 Parcs Canada ont particip\u00e9 \u00e0 la conf\u00e9rence nationale sur la n\u00e9gociation la semaine derni\u00e8re \u00e0 Ottawa.<\/p>\n<p>Ces repr\u00e9sentant-e-s de partout au pays se sont rassembl\u00e9-e-s en vue de pr\u00e9parer la n\u00e9gociation de leur prochaine convention collective.<\/p>\n<p>Cette conf\u00e9rence a \u00e9t\u00e9 l\u2019occasion :<br \/>\n\u2022 de se renseigner sur le processus de n\u00e9gociation collective<br \/>\n\u2022 d\u2019examiner les revendications et d\u2019\u00e9tablir l\u2019ordre des priorit\u00e9s<br \/>\n\u2022 d\u2019\u00e9laborer des strat\u00e9gies de mobilisation<br \/>\n\u2022 d\u2019\u00e9lire les membres de leur \u00e9quipe de n\u00e9gociation<\/p>\n<figure id=\"attachment_6781\" aria-describedby=\"caption-attachment-6781\" style=\"width: 300px\" class=\"wp-caption alignnone\"><a href=\"http:\/\/www.une-sen.org\/press\/wp-content\/uploads\/2018\/10\/parks-new-negotiating-team-2.png\"><img loading=\"lazy\" class=\"size-medium wp-image-6781\" src=\"http:\/\/www.une-sen.org\/press\/wp-content\/uploads\/2018\/10\/parks-new-negotiating-team-2-300x225.png\" alt=\"\" width=\"300\" height=\"225\" srcset=\"https:\/\/www.unesen.ca\/press\/wp-content\/uploads\/2018\/10\/parks-new-negotiating-team-2-300x225.png 300w, https:\/\/www.unesen.ca\/press\/wp-content\/uploads\/2018\/10\/parks-new-negotiating-team-2.png 500w\" sizes=\"(max-width: 300px) 100vw, 300px\" \/><\/a><figcaption id=\"caption-attachment-6781\" class=\"wp-caption-text\">La nouvelle \u00e9quipe de n\u00e9gociation. 1er rang, de g. \u00e0 d.: Omar Murray (Section locale 40340 Parcs Canada \u2013 Saskatchewan Sud, Sask.); Loretta Moar (Section locale, parc national du Mont-Riding, Man.); Kassandra McKinnon (Local 90023 \u2013 Employ\u00e9s de Parcs Canada); Angela Decker (Section locale 90265 \u2013 parc national du Gros-Morne, T.-N.-L.); Birch Howard (suppl\u00e9ant) (Section locale Y0104-parc national Kluane, Yn). 2nd rang, de g. \u00e0 d.: Daniel Britton; membre de l\u2019UCET; R\u00e9ginal Bernatchez, membre de l\u2019UCET (suppl\u00e9ant); Daniel Toutant (Section locale 10269 \u2013 parc national de la Mauricie et Lieu historique des Forges du-Saint-Maurice, Qc); Marc Phillips (Section locale 70501 \u2013 Agence Parcs Canada, RCN); Andr\u00e9 Miller (suppl\u00e9ant) (Section locale 70501 \u2013 Agence Parcs Canada, RCN); Mike LeBlanc (suppl\u00e9ant) (Section locale 60284 \u2013 parc national Kouchibouguac, N.-B.)<\/figcaption><\/figure>\n<p style=\"text-align: left;\">Rappelons que les membres de Parcs Canada <a href=\"http:\/\/syndicatafpc.ca\/membres-parcs-canada-signent-nouvelle-convention?_ga=2.259141769.2053054693.1537791503-406465908.1518708477\" target=\"_blank\" rel=\"noopener\">ont sign\u00e9 leur toute derni\u00e8re convention collective<\/a> le 31 mai 2018.<\/p>\n<p style=\"text-align: left;\">Cette <a href=\"http:\/\/syndicatafpc.ca\/points-saillants-lentente-en-principe-parcs-canada?_ga=2.193605806.2053054693.1537791503-406465908.1518708477\" target=\"_blank\" rel=\"noopener\">convention collective de quatre ans<\/a>, qui a expir\u00e9 le 4 ao\u00fbt dernier, comprend une d\u00e9finition \u00e0 jour de la \u00ab famille \u00bb, des am\u00e9liorations en mati\u00e8re de cong\u00e9s, de meilleures protections et une compensation financi\u00e8re. Les cong\u00e9s de maladie demeurent les m\u00eames.<\/p>\n<p style=\"text-align: left;\">Pour vous tenir \u00e0 jour des n\u00e9gociations \u00e0 Parcs Canada, visitez la page Web de l&#8217;AFPC ou <a href=\"http:\/\/syndicatafpc.ca\/inscrivez-vous-liste-diffusion-lafpc-0?_ga=2.196679983.2053054693.1537791503-406465908.1518708477\" target=\"_blank\" rel=\"noopener\">abonnez-vous au bulletin \u00e9lectronique de l&#8217;AFPC<\/a>.<\/p>\n","protected":false},"excerpt":{"rendered":"<p>Des membres de l\u2019AFPC qui travaillent \u00e0 Parcs Canada ont particip\u00e9 \u00e0 la conf\u00e9rence nationale sur la n\u00e9gociation la semaine derni\u00e8re \u00e0 Ottawa. Ces repr\u00e9sentant-e-s de partout au pays se sont rassembl\u00e9-e-s en vue de pr\u00e9parer la n\u00e9gociation de leur prochaine convention collective. Cette conf\u00e9rence a \u00e9t\u00e9 l\u2019occasion : \u2022 de se renseigner sur le &hellip; <\/p>\n<p class=\"link-more\"><a href=\"https:\/\/www.unesen.ca\/press\/?p=6779&#038;lang=fr\" class=\"more-link\">>><span class=\"screen-reader-text\"> &#8220;Conf\u00e9rence nationale sur la n\u00e9gociation &#8211; Parcs Canada&#8221;<\/span><\/a><\/p>\n","protected":false},"author":6,"featured_media":6782,"comment_status":"closed","ping_status":"open","sticky":false,"template":"","format":"standard","meta":{"_links_to":"","_links_to_target":""},"categories":[],"tags":[],"_links":{"self":[{"href":"https:\/\/www.unesen.ca\/press\/index.php?rest_route=\/wp\/v2\/posts\/6779"}],"collection":[{"href":"https:\/\/www.unesen.ca\/press\/index.php?rest_route=\/wp\/v2\/posts"}],"about":[{"href":"https:\/\/www.unesen.ca\/press\/index.php?rest_route=\/wp\/v2\/types\/post"}],"author":[{"embeddable":true,"href":"https:\/\/www.unesen.ca\/press\/index.php?rest_route=\/wp\/v2\/users\/6"}],"replies":[{"embeddable":true,"href":"https:\/\/www.unesen.ca\/press\/index.php?rest_route=%2Fwp%2Fv2%2Fcomments&post=6779"}],"version-history":[{"count":2,"href":"https:\/\/www.unesen.ca\/press\/index.php?rest_route=\/wp\/v2\/posts\/6779\/revisions"}],"predecessor-version":[{"id":6784,"href":"https:\/\/www.unesen.ca\/press\/index.php?rest_route=\/wp\/v2\/posts\/6779\/revisions\/6784"}],"wp:featuredmedia":[{"embeddable":true,"href":"https:\/\/www.unesen.ca\/press\/index.php?rest_route=\/wp\/v2\/media\/6782"}],"wp:attachment":[{"href":"https:\/\/www.unesen.ca\/press\/index.php?rest_route=%2Fwp%2Fv2%2Fmedia&parent=6779"}],"wp:term":[{"taxonomy":"category","embeddable":true,"href":"https:\/\/www.unesen.ca\/press\/index.php?rest_route=%2Fwp%2Fv2%2Fcategories&post=6779"},{"taxonomy":"post_tag","embeddable":true,"href":"https:\/\/www.unesen.ca\/press\/index.php?rest_route=%2Fwp%2Fv2%2Ftags&post=6779"}],"curies":[{"name":"wp","href":"https:\/\/api.w.org\/{rel}","templated":true}]}}