{"id":6764,"date":"2018-10-02T09:03:59","date_gmt":"2018-10-02T14:03:59","guid":{"rendered":"http:\/\/fr.une-sen.org\/press\/?p=6764"},"modified":"2018-10-02T09:03:59","modified_gmt":"2018-10-02T14:03:59","slug":"participation-de-gardes-de-parc-au-service-commemoratif-des-policiers-et-agents-de-la-paix-canadiens-de-2018","status":"publish","type":"post","link":"https:\/\/www.unesen.ca\/press\/?p=6764&amp;lang=fr","title":{"rendered":"Participation de gardes de parc au service comm\u00e9moratif des policiers et agents de la paix canadiens de 2018"},"content":{"rendered":"<figure id=\"attachment_6767\" aria-describedby=\"caption-attachment-6767\" style=\"width: 300px\" class=\"wp-caption aligncenter\"><a href=\"http:\/\/www.une-sen.org\/press\/wp-content\/uploads\/2018\/10\/park-wardens-4.png\"><img loading=\"lazy\" class=\"size-medium wp-image-6767\" src=\"http:\/\/www.une-sen.org\/press\/wp-content\/uploads\/2018\/10\/park-wardens-4-300x225.png\" alt=\"\" width=\"300\" height=\"225\" srcset=\"https:\/\/www.unesen.ca\/press\/wp-content\/uploads\/2018\/10\/park-wardens-4-300x225.png 300w, https:\/\/www.unesen.ca\/press\/wp-content\/uploads\/2018\/10\/park-wardens-4.png 500w\" sizes=\"(max-width: 300px) 100vw, 300px\" \/><\/a><figcaption id=\"caption-attachment-6767\" class=\"wp-caption-text\">1er rang, de g. \u00e0 d. : Kelly Forbes (section locale 00041 \u2013 Bruce Peninsula); Anika Hodgson (section locale 30116 &#8211; Elk Island); Sharon Woods (section locale 20106 \u2013 Mount Revelstoke); Tanya Dowdall (section locale 29266 \u2013 Pacific Rim); Courtney Bearinger (section locale 30402 \u2013 Lake Louise)<br \/>2e rang, de g. \u00e0 d. : Birch Howard (section locale Y0104 \u2013 Kluane); Jonathan Jansen (section locale 00238 \u2013 Georgian Bay); Erin Munk (section locale 50110 \u2013 Riding Mountain); Jordan Morrison (section locale 00041 \u2013 Bruce Peninsula)<\/figcaption><\/figure>\n<p>Neuf gardes de parc ont particip\u00e9 au service comm\u00e9moratif des policiers et agents de la paix canadiens le 30 septembre dernier. Sharon Woods, Tanya Dowdall, Courtney Bearinger, Kelly Forbes, Anika Hodgson, Birch Howard, Jonathan Jansen, Jordan Morrison et Erin Munk ont particip\u00e9 avec fiert\u00e9 au service sur la colline du Parlement afin de rendre en hommage aux policiers qui ont \u00e9t\u00e9 tu\u00e9s. Le pr\u00e9sident national du SEN, Kevin King, a \u00e9galement assist\u00e9 \u00e0 la c\u00e9r\u00e9monie.<\/p>\n<p>Le dernier dimanche de septembre de chaque ann\u00e9e a \u00e9t\u00e9 d\u00e9clar\u00e9 Jour comm\u00e9moratif national des policiers et des agents de la paix canadiens en 1998 par le gouvernement canadien.<\/p>\n<p>Sharon Woods, garde de parc, a lu les noms des six policiers d\u00e9c\u00e9d\u00e9s qui sont r\u00e9cemment morts dans l&#8217;exercice de leurs fonctions et qui seront ajout\u00e9s au mur comm\u00e9moratif.<\/p>\n<p>Le SEN est fier de repr\u00e9senter le personnel des forces de l&#8217;ordre travaillant pour Parcs Canada et pour le Service de protection parlementaire (SPP).<\/p>\n","protected":false},"excerpt":{"rendered":"<p>Neuf gardes de parc ont particip\u00e9 au service comm\u00e9moratif des policiers et agents de la paix canadiens le 30 septembre dernier. Sharon Woods, Tanya Dowdall, Courtney Bearinger, Kelly Forbes, Anika Hodgson, Birch Howard, Jonathan Jansen, Jordan Morrison et Erin Munk ont particip\u00e9 avec fiert\u00e9 au service sur la colline du Parlement afin de rendre en &hellip; <\/p>\n<p class=\"link-more\"><a href=\"https:\/\/www.unesen.ca\/press\/?p=6764&#038;lang=fr\" class=\"more-link\">>><span class=\"screen-reader-text\"> &#8220;Participation de gardes de parc au service comm\u00e9moratif des policiers et agents de la paix canadiens de 2018&#8221;<\/span><\/a><\/p>\n","protected":false},"author":6,"featured_media":6768,"comment_status":"closed","ping_status":"open","sticky":false,"template":"","format":"standard","meta":{"_links_to":"","_links_to_target":""},"categories":[],"tags":[],"_links":{"self":[{"href":"https:\/\/www.unesen.ca\/press\/index.php?rest_route=\/wp\/v2\/posts\/6764"}],"collection":[{"href":"https:\/\/www.unesen.ca\/press\/index.php?rest_route=\/wp\/v2\/posts"}],"about":[{"href":"https:\/\/www.unesen.ca\/press\/index.php?rest_route=\/wp\/v2\/types\/post"}],"author":[{"embeddable":true,"href":"https:\/\/www.unesen.ca\/press\/index.php?rest_route=\/wp\/v2\/users\/6"}],"replies":[{"embeddable":true,"href":"https:\/\/www.unesen.ca\/press\/index.php?rest_route=%2Fwp%2Fv2%2Fcomments&post=6764"}],"version-history":[{"count":1,"href":"https:\/\/www.unesen.ca\/press\/index.php?rest_route=\/wp\/v2\/posts\/6764\/revisions"}],"predecessor-version":[{"id":6769,"href":"https:\/\/www.unesen.ca\/press\/index.php?rest_route=\/wp\/v2\/posts\/6764\/revisions\/6769"}],"wp:featuredmedia":[{"embeddable":true,"href":"https:\/\/www.unesen.ca\/press\/index.php?rest_route=\/wp\/v2\/media\/6768"}],"wp:attachment":[{"href":"https:\/\/www.unesen.ca\/press\/index.php?rest_route=%2Fwp%2Fv2%2Fmedia&parent=6764"}],"wp:term":[{"taxonomy":"category","embeddable":true,"href":"https:\/\/www.unesen.ca\/press\/index.php?rest_route=%2Fwp%2Fv2%2Fcategories&post=6764"},{"taxonomy":"post_tag","embeddable":true,"href":"https:\/\/www.unesen.ca\/press\/index.php?rest_route=%2Fwp%2Fv2%2Ftags&post=6764"}],"curies":[{"name":"wp","href":"https:\/\/api.w.org\/{rel}","templated":true}]}}