{"id":6747,"date":"2018-09-28T09:55:43","date_gmt":"2018-09-28T14:55:43","guid":{"rendered":"http:\/\/fr.une-sen.org\/press\/?p=6747"},"modified":"2018-09-28T10:02:11","modified_gmt":"2018-09-28T15:02:11","slug":"journee-du-chandail-orange-le-30-septembre","status":"publish","type":"post","link":"https:\/\/www.unesen.ca\/press\/?p=6747&amp;lang=fr","title":{"rendered":"Journ\u00e9e du chandail orange le 30 septembre"},"content":{"rendered":"<p style=\"text-align: center;\"><a href=\"http:\/\/www.une-sen.org\/press\/wp-content\/uploads\/2018\/09\/child-toy-3.png\"><img loading=\"lazy\" class=\"alignnone size-medium wp-image-6750\" src=\"http:\/\/www.une-sen.org\/press\/wp-content\/uploads\/2018\/09\/child-toy-3-300x200.png\" alt=\"\" width=\"300\" height=\"200\" srcset=\"https:\/\/www.unesen.ca\/press\/wp-content\/uploads\/2018\/09\/child-toy-3-300x200.png 300w, https:\/\/www.unesen.ca\/press\/wp-content\/uploads\/2018\/09\/child-toy-3.png 400w\" sizes=\"(max-width: 300px) 100vw, 300px\" \/><\/a><\/p>\n<p>Le chandail orange fi\u00e8rement port\u00e9 par une fillette autochtone de six ans nomm\u00e9e <a href=\"http:\/\/www.orangeshirtday.org\/uploads\/7\/9\/8\/7\/79871818\/phyllis_histoire_fr.pdf\" target=\"_blank\" rel=\"noopener\">Phyllis<\/a> lui a \u00e9t\u00e9 retir\u00e9 le premier jour de pensionnat autochtone. Son histoire a men\u00e9 \u00e0 la cr\u00e9ation, \u00e0 Williams Lake, en 2013, d\u2019une journ\u00e9e consacr\u00e9e aux survivant-e-s des pensionnats autochtones, connue sous le nom de la \u00ab Journ\u00e9e du chandail orange \u00bb. Cette journ\u00e9e a lieu le 3o septembre et est d\u00e9sormais comm\u00e9mor\u00e9e \u00e0 travers le Canada.<\/p>\n<p>Les pensionnats autochtones, financ\u00e9s par le gouvernement f\u00e9d\u00e9ral et dirig\u00e9s par des \u00e9glises chr\u00e9tiennes, avaient pour but d\u2019arracher les enfants autochtones de leur culture, de supprimer leur langue et leurs c\u00e9r\u00e9monies et de les assimiler aux syst\u00e8mes sociaux canadiens. La participation \u00e0 ces pensionnats a \u00e9t\u00e9 obligatoire de 1884 \u00e0 1948 et impos\u00e9e par la GRC. Les \u00e9glises, les gouvernements et la police ont depuis pr\u00e9sent\u00e9 des excuses pour leur r\u00f4le dans le syst\u00e8me des pensionnats autochtones. Nous avons tou-te-s beaucoup \u00e0 apprendre et \u00e0 accomplir.<\/p>\n<p>Portez un chandail orange le 30 septembre pour rendre hommage aux survivant-e-s des pensionnats autochtones. Familiarisez-vous avec les<a href=\"http:\/\/nctr.ca\/assets\/reports\/Calls_to_Action_English2.pdf\" target=\"_blank\" rel=\"noopener\"> appels \u00e0 l&#8217;action de la Commission de v\u00e9rit\u00e9 et r\u00e9conciliation<\/a> (en anglais seulement) et \u00e9vitez que l&#8217;histoire ne se r\u00e9p\u00e8te. Demandez-vous ce que signifie la v\u00e9rit\u00e9 et la r\u00e9conciliation et quel est votre r\u00f4le dans la mise en \u0153uvre de changements.<\/p>\n<p>Ruby Langan,\u00a0Repr\u00e9sentante nationale de l&#8217;\u00e9quit\u00e9 pour les Autochtones du SEN<\/p>\n","protected":false},"excerpt":{"rendered":"<p>Le chandail orange fi\u00e8rement port\u00e9 par une fillette autochtone de six ans nomm\u00e9e Phyllis lui a \u00e9t\u00e9 retir\u00e9 le premier jour de pensionnat autochtone. Son histoire a men\u00e9 \u00e0 la cr\u00e9ation, \u00e0 Williams Lake, en 2013, d\u2019une journ\u00e9e consacr\u00e9e aux survivant-e-s des pensionnats autochtones, connue sous le nom de la \u00ab Journ\u00e9e du chandail orange &hellip; <\/p>\n<p class=\"link-more\"><a href=\"https:\/\/www.unesen.ca\/press\/?p=6747&#038;lang=fr\" class=\"more-link\">>><span class=\"screen-reader-text\"> &#8220;Journ\u00e9e du chandail orange le 30 septembre&#8221;<\/span><\/a><\/p>\n","protected":false},"author":6,"featured_media":6749,"comment_status":"closed","ping_status":"open","sticky":false,"template":"","format":"standard","meta":{"_links_to":"","_links_to_target":""},"categories":[],"tags":[],"_links":{"self":[{"href":"https:\/\/www.unesen.ca\/press\/index.php?rest_route=\/wp\/v2\/posts\/6747"}],"collection":[{"href":"https:\/\/www.unesen.ca\/press\/index.php?rest_route=\/wp\/v2\/posts"}],"about":[{"href":"https:\/\/www.unesen.ca\/press\/index.php?rest_route=\/wp\/v2\/types\/post"}],"author":[{"embeddable":true,"href":"https:\/\/www.unesen.ca\/press\/index.php?rest_route=\/wp\/v2\/users\/6"}],"replies":[{"embeddable":true,"href":"https:\/\/www.unesen.ca\/press\/index.php?rest_route=%2Fwp%2Fv2%2Fcomments&post=6747"}],"version-history":[{"count":2,"href":"https:\/\/www.unesen.ca\/press\/index.php?rest_route=\/wp\/v2\/posts\/6747\/revisions"}],"predecessor-version":[{"id":6752,"href":"https:\/\/www.unesen.ca\/press\/index.php?rest_route=\/wp\/v2\/posts\/6747\/revisions\/6752"}],"wp:featuredmedia":[{"embeddable":true,"href":"https:\/\/www.unesen.ca\/press\/index.php?rest_route=\/wp\/v2\/media\/6749"}],"wp:attachment":[{"href":"https:\/\/www.unesen.ca\/press\/index.php?rest_route=%2Fwp%2Fv2%2Fmedia&parent=6747"}],"wp:term":[{"taxonomy":"category","embeddable":true,"href":"https:\/\/www.unesen.ca\/press\/index.php?rest_route=%2Fwp%2Fv2%2Fcategories&post=6747"},{"taxonomy":"post_tag","embeddable":true,"href":"https:\/\/www.unesen.ca\/press\/index.php?rest_route=%2Fwp%2Fv2%2Ftags&post=6747"}],"curies":[{"name":"wp","href":"https:\/\/api.w.org\/{rel}","templated":true}]}}