{"id":6728,"date":"2018-09-13T09:12:31","date_gmt":"2018-09-13T14:12:31","guid":{"rendered":"http:\/\/fr.une-sen.org\/press\/?p=6728"},"modified":"2018-11-09T09:00:46","modified_gmt":"2018-11-09T14:00:46","slug":"les-membres-du-ccbn-en-negos-se-mobilisent","status":"publish","type":"post","link":"https:\/\/www.unesen.ca\/press\/?p=6728&amp;lang=fr","title":{"rendered":"Les membres de la CCBN en n\u00e9gos se mobilisent!"},"content":{"rendered":"<p>La solidarit\u00e9 syndicale \u00e9tait au rendez-vous ce matin dans les rues de Qu\u00e9bec. Les membres de la Commission des champs de bataille nationaux (CCBN) manifestaient pour r\u00e9clamer une convention collective juste et \u00e9quitable. L\u2019enjeu est de taille car ces membres sont en pleine n\u00e9gociation, alors que leur convention collective est arriv\u00e9e \u00e0 \u00e9ch\u00e9ance fin 2017.<\/p>\n<p style=\"text-align: center;\"><a href=\"http:\/\/www.une-sen.org\/press\/wp-content\/uploads\/2018\/09\/ccbn-morning-action-20180911-09.jpg\"><img loading=\"lazy\" class=\"alignnone size-medium wp-image-6732\" src=\"http:\/\/www.une-sen.org\/press\/wp-content\/uploads\/2018\/09\/ccbn-morning-action-20180911-09-300x225.jpg\" alt=\"\" width=\"300\" height=\"225\" srcset=\"https:\/\/www.unesen.ca\/press\/wp-content\/uploads\/2018\/09\/ccbn-morning-action-20180911-09-300x225.jpg 300w, https:\/\/www.unesen.ca\/press\/wp-content\/uploads\/2018\/09\/ccbn-morning-action-20180911-09-768x576.jpg 768w, https:\/\/www.unesen.ca\/press\/wp-content\/uploads\/2018\/09\/ccbn-morning-action-20180911-09-1024x768.jpg 1024w\" sizes=\"(max-width: 300px) 100vw, 300px\" \/><\/a><\/p>\n<p>Le SEN repr\u00e9sente ce groupe de travailleur-e-s qui occupent diverses fonctions telles que celle de jardinier, guide, paysagiste, ou encore employ\u00e9-e en communication, \u00e0 l\u2019exception de la police de la CCBN.<\/p>\n<p>La majorit\u00e9 de ces membres ont des statuts pr\u00e9caires et il est important que l\u2019employeur fasse un geste. \u00ab Il y a beaucoup de gens qui sont sur appel, saisonniers, et pour ceux qui sont sur appel, m\u00eame si \u00e7a fait 10 ou 15 ans qu&#8217;ils travaillent pour la CCBN, ils n&#8217;ont pas d&#8217;avantages sociaux ou de fonds de pension \u00bb, d\u00e9clare Claudia Bellavance, membre du comit\u00e9 de n\u00e9gociation syndical. (citation tir\u00e9e de l\u2019<a href=\"https:\/\/ici.radio-canada.ca\/nouvelle\/1123303\/manifestation-employes-commission-champs-bataille-nationaux-plaines-abraham-quebec\" target=\"_blank\" rel=\"noopener\">article d\u2019Ici Radio-Canada<\/a>).<\/p>\n<p style=\"text-align: center;\"><a href=\"http:\/\/www.une-sen.org\/press\/wp-content\/uploads\/2018\/09\/ccbn-morning-action-20180911-11.jpg\"><img loading=\"lazy\" class=\"alignnone size-medium wp-image-6733\" src=\"http:\/\/www.une-sen.org\/press\/wp-content\/uploads\/2018\/09\/ccbn-morning-action-20180911-11-300x225.jpg\" alt=\"\" width=\"300\" height=\"225\" srcset=\"https:\/\/www.unesen.ca\/press\/wp-content\/uploads\/2018\/09\/ccbn-morning-action-20180911-11-300x225.jpg 300w, https:\/\/www.unesen.ca\/press\/wp-content\/uploads\/2018\/09\/ccbn-morning-action-20180911-11-768x576.jpg 768w, https:\/\/www.unesen.ca\/press\/wp-content\/uploads\/2018\/09\/ccbn-morning-action-20180911-11-1024x768.jpg 1024w\" sizes=\"(max-width: 300px) 100vw, 300px\" \/><\/a><\/p>\n<p>Ces travailleur-e-s font face \u00e0 de nombreux obstacles dans leur carri\u00e8re et r\u00e9clament une revalorisation de leurs conditions de travail, notamment les travailleuses qui envisagent une grossesse. La disparit\u00e9 salariale est \u00e9galement au c\u0153ur de la n\u00e9gociation avec l\u2019employeur, ainsi que la conciliation travail-famille.<\/p>\n<p>Le statu quo est inacceptable et les membres sont d\u00e9termin\u00e9-e-s \u00e0 se battre pour que la nouvelle convention collective reconnaisse leurs droits.<\/p>\n","protected":false},"excerpt":{"rendered":"<p>La solidarit\u00e9 syndicale \u00e9tait au rendez-vous ce matin dans les rues de Qu\u00e9bec. Les membres de la Commission des champs de bataille nationaux (CCBN) manifestaient pour r\u00e9clamer une convention collective juste et \u00e9quitable. L\u2019enjeu est de taille car ces membres sont en pleine n\u00e9gociation, alors que leur convention collective est arriv\u00e9e \u00e0 \u00e9ch\u00e9ance fin 2017. &hellip; <\/p>\n<p class=\"link-more\"><a href=\"https:\/\/www.unesen.ca\/press\/?p=6728&#038;lang=fr\" class=\"more-link\">>><span class=\"screen-reader-text\"> &#8220;Les membres de la CCBN en n\u00e9gos se mobilisent!&#8221;<\/span><\/a><\/p>\n","protected":false},"author":6,"featured_media":6730,"comment_status":"closed","ping_status":"open","sticky":false,"template":"","format":"standard","meta":{"_links_to":"","_links_to_target":""},"categories":[],"tags":[],"_links":{"self":[{"href":"https:\/\/www.unesen.ca\/press\/index.php?rest_route=\/wp\/v2\/posts\/6728"}],"collection":[{"href":"https:\/\/www.unesen.ca\/press\/index.php?rest_route=\/wp\/v2\/posts"}],"about":[{"href":"https:\/\/www.unesen.ca\/press\/index.php?rest_route=\/wp\/v2\/types\/post"}],"author":[{"embeddable":true,"href":"https:\/\/www.unesen.ca\/press\/index.php?rest_route=\/wp\/v2\/users\/6"}],"replies":[{"embeddable":true,"href":"https:\/\/www.unesen.ca\/press\/index.php?rest_route=%2Fwp%2Fv2%2Fcomments&post=6728"}],"version-history":[{"count":3,"href":"https:\/\/www.unesen.ca\/press\/index.php?rest_route=\/wp\/v2\/posts\/6728\/revisions"}],"predecessor-version":[{"id":6740,"href":"https:\/\/www.unesen.ca\/press\/index.php?rest_route=\/wp\/v2\/posts\/6728\/revisions\/6740"}],"wp:featuredmedia":[{"embeddable":true,"href":"https:\/\/www.unesen.ca\/press\/index.php?rest_route=\/wp\/v2\/media\/6730"}],"wp:attachment":[{"href":"https:\/\/www.unesen.ca\/press\/index.php?rest_route=%2Fwp%2Fv2%2Fmedia&parent=6728"}],"wp:term":[{"taxonomy":"category","embeddable":true,"href":"https:\/\/www.unesen.ca\/press\/index.php?rest_route=%2Fwp%2Fv2%2Fcategories&post=6728"},{"taxonomy":"post_tag","embeddable":true,"href":"https:\/\/www.unesen.ca\/press\/index.php?rest_route=%2Fwp%2Fv2%2Ftags&post=6728"}],"curies":[{"name":"wp","href":"https:\/\/api.w.org\/{rel}","templated":true}]}}