{"id":6720,"date":"2018-09-11T12:59:05","date_gmt":"2018-09-11T17:59:05","guid":{"rendered":"http:\/\/fr.une-sen.org\/press\/?p=6720"},"modified":"2018-09-11T12:59:05","modified_gmt":"2018-09-11T17:59:05","slug":"rappel-certificats-et-epinglettes-pour-etats-de-service-de-lalliance-de-la-fonction-publique-du-canada","status":"publish","type":"post","link":"https:\/\/www.unesen.ca\/press\/?p=6720&amp;lang=fr","title":{"rendered":"RAPPEL &#8211; CERTIFICATS ET \u00c9PINGLETTES POUR \u00c9TATS DE SERVICE DE L&#8217;ALLIANCE DE LA FONCTION PUBLIQUE DU CANADA"},"content":{"rendered":"<p>La plupart des activit\u00e9s du SEN et de l\u2019AFPC ne seraient pas possibles sans le travail incessant de nos nombreux-ses b\u00e9n\u00e9voles. Voil\u00e0 pourquoi, je suis fier de profiter de l&#8217;occasion pour remercier sinc\u00e8rement les membres qui ont apport\u00e9 une contribution importante dans le domaine de l&#8217;activisme syndical.<\/p>\n<p>Au sein de l&#8217;AFPC, c&#8217;est une tradition de r\u00e9compenser des dirigeantes et dirigeants pour longs \u00e9tats de service en leur remettant des \u00e9pinglettes et des certificats. Ces \u00e9pinglettes et certificats peuvent \u00eatre remis aux dirigeant-e-s qui ont cumul\u00e9 10, 15, 20, 25, 30, 35 ou 40 ans de service.<\/p>\n<p>Si votre section locale souhaite proposer la candidature d&#8217;un membre, vous devez remplir le <a href=\"http:\/\/syndicatafpc.ca\/recompenses-pour-longs-etats-de-service-formulaire-de-mise-en-candidature\" target=\"_blank\" rel=\"noopener\">formulaire de mise en candidature<\/a> et ajouter l&#8217;historique de service complet de ce ou cette membre. Veuillez porter une attention particuli\u00e8re aux <a href=\"http:\/\/syndicatafpc.ca\/recompenses-pour-longs-etats-de-service-des-dirigeantes-et-dirigeants-de-lafpc-0?_ga=1.36753824.1473660370.1433558659\" target=\"_blank\" rel=\"noopener\">crit\u00e8res d&#8217;admissibilit\u00e9<\/a> lorsque vous remplirez\u00a0 la section du formulaire li\u00e9e au dossier de service.<\/p>\n<p>Les mises en candidature doivent parvenir au bureau du SEN au plus tard le <strong>29 septembre 2018<\/strong>.<\/p>\n<p>Kevin A. King<br \/>\nPr\u00e9sident national<br \/>\nSEN, AFPC<\/p>\n","protected":false},"excerpt":{"rendered":"<p>La plupart des activit\u00e9s du SEN et de l\u2019AFPC ne seraient pas possibles sans le travail incessant de nos nombreux-ses b\u00e9n\u00e9voles. Voil\u00e0 pourquoi, je suis fier de profiter de l&#8217;occasion pour remercier sinc\u00e8rement les membres qui ont apport\u00e9 une contribution importante dans le domaine de l&#8217;activisme syndical. Au sein de l&#8217;AFPC, c&#8217;est une tradition de &hellip; <\/p>\n<p class=\"link-more\"><a href=\"https:\/\/www.unesen.ca\/press\/?p=6720&#038;lang=fr\" class=\"more-link\">>><span class=\"screen-reader-text\"> &#8220;RAPPEL &#8211; CERTIFICATS ET \u00c9PINGLETTES POUR \u00c9TATS DE SERVICE DE L&#8217;ALLIANCE DE LA FONCTION PUBLIQUE DU CANADA&#8221;<\/span><\/a><\/p>\n","protected":false},"author":6,"featured_media":0,"comment_status":"closed","ping_status":"open","sticky":false,"template":"","format":"standard","meta":{"_links_to":"","_links_to_target":""},"categories":[],"tags":[],"_links":{"self":[{"href":"https:\/\/www.unesen.ca\/press\/index.php?rest_route=\/wp\/v2\/posts\/6720"}],"collection":[{"href":"https:\/\/www.unesen.ca\/press\/index.php?rest_route=\/wp\/v2\/posts"}],"about":[{"href":"https:\/\/www.unesen.ca\/press\/index.php?rest_route=\/wp\/v2\/types\/post"}],"author":[{"embeddable":true,"href":"https:\/\/www.unesen.ca\/press\/index.php?rest_route=\/wp\/v2\/users\/6"}],"replies":[{"embeddable":true,"href":"https:\/\/www.unesen.ca\/press\/index.php?rest_route=%2Fwp%2Fv2%2Fcomments&post=6720"}],"version-history":[{"count":3,"href":"https:\/\/www.unesen.ca\/press\/index.php?rest_route=\/wp\/v2\/posts\/6720\/revisions"}],"predecessor-version":[{"id":6725,"href":"https:\/\/www.unesen.ca\/press\/index.php?rest_route=\/wp\/v2\/posts\/6720\/revisions\/6725"}],"wp:attachment":[{"href":"https:\/\/www.unesen.ca\/press\/index.php?rest_route=%2Fwp%2Fv2%2Fmedia&parent=6720"}],"wp:term":[{"taxonomy":"category","embeddable":true,"href":"https:\/\/www.unesen.ca\/press\/index.php?rest_route=%2Fwp%2Fv2%2Fcategories&post=6720"},{"taxonomy":"post_tag","embeddable":true,"href":"https:\/\/www.unesen.ca\/press\/index.php?rest_route=%2Fwp%2Fv2%2Ftags&post=6720"}],"curies":[{"name":"wp","href":"https:\/\/api.w.org\/{rel}","templated":true}]}}