{"id":6710,"date":"2018-09-11T12:34:18","date_gmt":"2018-09-11T17:34:18","guid":{"rendered":"http:\/\/fr.une-sen.org\/press\/?p=6710"},"modified":"2018-09-11T13:00:22","modified_gmt":"2018-09-11T18:00:22","slug":"bourses-detudes-secondaires-2019","status":"publish","type":"post","link":"https:\/\/www.unesen.ca\/press\/?p=6710&amp;lang=fr","title":{"rendered":"Bourses d&#8217;\u00e9tudes secondaires 2019"},"content":{"rendered":"<p style=\"text-align: center;\"><a href=\"http:\/\/www.une-sen.org\/press\/wp-content\/uploads\/2018\/09\/highschool-graduation-2.png\"><img loading=\"lazy\" class=\"alignnone size-medium wp-image-6716\" src=\"http:\/\/www.une-sen.org\/press\/wp-content\/uploads\/2018\/09\/highschool-graduation-2-300x214.png\" alt=\"\" width=\"300\" height=\"214\" srcset=\"https:\/\/www.unesen.ca\/press\/wp-content\/uploads\/2018\/09\/highschool-graduation-2-300x214.png 300w, https:\/\/www.unesen.ca\/press\/wp-content\/uploads\/2018\/09\/highschool-graduation-2.png 525w\" sizes=\"(max-width: 300px) 100vw, 300px\" \/><\/a><\/p>\n<p>Au SEN, nous croyons que personne ne devrait \u00eatre priv\u00e9 de la chance d&#8217;atteindre son plein potentiel \u00e0 cause du co\u00fbt de plus en plus exorbitant des \u00e9tudes postsecondaires. C\u2032est pourquoi nos membres sont fiers d\u2032offrir plusieurs bourses d\u2032\u00e9tudes \u00e0 des \u00e9tudiant-e-s prometteur-se-s.<\/p>\n<p>Le programme de bourses d&#8217;\u00e9tudes secondaires accorde 11 bourses de 1 000 $ \u2013 une par r\u00e9gion \u2013 \u00e0 des \u00e9tudiant-e-s qui sont dans leur derni\u00e8re ann\u00e9e au secondaire et sur le point de continuer leurs \u00e9tudes postsecondaires.<\/p>\n<p>Ces bourses d\u2019\u00e9tudes visent \u00e0 souligner les principes d\u00e9fendus par le monde syndical, ainsi qu\u2019\u00e0 pr\u00e9senter notre syndicat et le mouvement ouvrier de fa\u00e7on positive. Le programme a pour but de faire conna\u00eetre notre syndicat au sein des \u00e9coles secondaires et d\u2019offrir une aide financi\u00e8re aux \u00e9l\u00e8ves m\u00e9ritant-e-s. Cette initiative encouragera les jeunes \u00e0 participer davantage au mouvement syndical ou \u00e0 agir en faveur de la justice sociale.<\/p>\n<p>Assurez-vous de suivre les <a href=\"http:\/\/fr.une-sen.org\/what_we_do\/hea\/hs_scholarship_crit_f.pdf\" target=\"_blank\" rel=\"noopener\">crit\u00e8res<\/a> et de bien remplir le <a href=\"http:\/\/fr.une-sen.org\/what_we_do\/hea\/hs_scholarship_app_f.pdf\" target=\"_blank\" rel=\"noopener\">formulaire de demande.<\/a> La date limite pour la soumission d&#8217;une demande dans le cadre du programme de bourses d&#8217;\u00e9tudes secondaires est le <strong>31 mars 2019<\/strong>.<\/p>\n","protected":false},"excerpt":{"rendered":"<p>Au SEN, nous croyons que personne ne devrait \u00eatre priv\u00e9 de la chance d&#8217;atteindre son plein potentiel \u00e0 cause du co\u00fbt de plus en plus exorbitant des \u00e9tudes postsecondaires. C\u2032est pourquoi nos membres sont fiers d\u2032offrir plusieurs bourses d\u2032\u00e9tudes \u00e0 des \u00e9tudiant-e-s prometteur-se-s. Le programme de bourses d&#8217;\u00e9tudes secondaires accorde 11 bourses de 1 000 &hellip; <\/p>\n<p class=\"link-more\"><a href=\"https:\/\/www.unesen.ca\/press\/?p=6710&#038;lang=fr\" class=\"more-link\">>><span class=\"screen-reader-text\"> &#8220;Bourses d&#8217;\u00e9tudes secondaires 2019&#8221;<\/span><\/a><\/p>\n","protected":false},"author":6,"featured_media":6715,"comment_status":"closed","ping_status":"open","sticky":false,"template":"","format":"standard","meta":{"_links_to":"","_links_to_target":""},"categories":[],"tags":[],"_links":{"self":[{"href":"https:\/\/www.unesen.ca\/press\/index.php?rest_route=\/wp\/v2\/posts\/6710"}],"collection":[{"href":"https:\/\/www.unesen.ca\/press\/index.php?rest_route=\/wp\/v2\/posts"}],"about":[{"href":"https:\/\/www.unesen.ca\/press\/index.php?rest_route=\/wp\/v2\/types\/post"}],"author":[{"embeddable":true,"href":"https:\/\/www.unesen.ca\/press\/index.php?rest_route=\/wp\/v2\/users\/6"}],"replies":[{"embeddable":true,"href":"https:\/\/www.unesen.ca\/press\/index.php?rest_route=%2Fwp%2Fv2%2Fcomments&post=6710"}],"version-history":[{"count":4,"href":"https:\/\/www.unesen.ca\/press\/index.php?rest_route=\/wp\/v2\/posts\/6710\/revisions"}],"predecessor-version":[{"id":6727,"href":"https:\/\/www.unesen.ca\/press\/index.php?rest_route=\/wp\/v2\/posts\/6710\/revisions\/6727"}],"wp:featuredmedia":[{"embeddable":true,"href":"https:\/\/www.unesen.ca\/press\/index.php?rest_route=\/wp\/v2\/media\/6715"}],"wp:attachment":[{"href":"https:\/\/www.unesen.ca\/press\/index.php?rest_route=%2Fwp%2Fv2%2Fmedia&parent=6710"}],"wp:term":[{"taxonomy":"category","embeddable":true,"href":"https:\/\/www.unesen.ca\/press\/index.php?rest_route=%2Fwp%2Fv2%2Fcategories&post=6710"},{"taxonomy":"post_tag","embeddable":true,"href":"https:\/\/www.unesen.ca\/press\/index.php?rest_route=%2Fwp%2Fv2%2Ftags&post=6710"}],"curies":[{"name":"wp","href":"https:\/\/api.w.org\/{rel}","templated":true}]}}