{"id":6666,"date":"2018-08-29T13:41:53","date_gmt":"2018-08-29T18:41:53","guid":{"rendered":"http:\/\/fr.une-sen.org\/press\/?p=6666"},"modified":"2018-09-07T12:42:29","modified_gmt":"2018-09-07T17:42:29","slug":"activites-de-la-fete-du-travail-2018","status":"publish","type":"post","link":"https:\/\/www.unesen.ca\/press\/?p=6666&amp;lang=fr","title":{"rendered":"Activit\u00e9s de la F\u00eate du Travail 2018"},"content":{"rendered":"<p style=\"text-align: left;\">La f\u00eate du Travail aura lieu le 3 septembre, une occasion de c\u00e9l\u00e9brer les travailleur-s-es, les syndicats, et les organisations et centrales syndicales partout au Canada.<\/p>\n<p>Le th\u00e8me de cette ann\u00e9e est <em>l\u2019assurance-m\u00e9dicaments: un plan pour tous<\/em>, une parfaite opportunit\u00e9 de discuter, avec des membres syndiqu\u00e9-e-s et le public, de l\u2019importance et de l\u2019urgence de mettre en \u0153uvre un plan national d\u2019assurance-m\u00e9dicaments.<\/p>\n<p>Les conseils du travail organisent des <a href=\"http:\/\/congresdutravail.ca\/calendrier-dactivites\/toutes-les-activites\/evenements-de-la-fete-du-travail-2018\" target=\"_blank\" rel=\"noopener\">\u00e9v\u00e9nements<\/a>\u00a0\u00e0 travers le pays et les membres du SEN sont invit\u00e9-e-s \u00e0 y participer.<\/p>\n<p>Joyeuse f\u00eate du Travail!<\/p>\n","protected":false},"excerpt":{"rendered":"<p>La f\u00eate du Travail aura lieu le 3 septembre, une occasion de c\u00e9l\u00e9brer les travailleur-s-es, les syndicats, et les organisations et centrales syndicales partout au Canada. Le th\u00e8me de cette ann\u00e9e est l\u2019assurance-m\u00e9dicaments: un plan pour tous, une parfaite opportunit\u00e9 de discuter, avec des membres syndiqu\u00e9-e-s et le public, de l\u2019importance et de l\u2019urgence de &hellip; <\/p>\n<p class=\"link-more\"><a href=\"https:\/\/www.unesen.ca\/press\/?p=6666&#038;lang=fr\" class=\"more-link\">>><span class=\"screen-reader-text\"> &#8220;Activit\u00e9s de la F\u00eate du Travail 2018&#8221;<\/span><\/a><\/p>\n","protected":false},"author":6,"featured_media":6669,"comment_status":"closed","ping_status":"open","sticky":false,"template":"","format":"standard","meta":{"_links_to":"","_links_to_target":""},"categories":[],"tags":[],"_links":{"self":[{"href":"https:\/\/www.unesen.ca\/press\/index.php?rest_route=\/wp\/v2\/posts\/6666"}],"collection":[{"href":"https:\/\/www.unesen.ca\/press\/index.php?rest_route=\/wp\/v2\/posts"}],"about":[{"href":"https:\/\/www.unesen.ca\/press\/index.php?rest_route=\/wp\/v2\/types\/post"}],"author":[{"embeddable":true,"href":"https:\/\/www.unesen.ca\/press\/index.php?rest_route=\/wp\/v2\/users\/6"}],"replies":[{"embeddable":true,"href":"https:\/\/www.unesen.ca\/press\/index.php?rest_route=%2Fwp%2Fv2%2Fcomments&post=6666"}],"version-history":[{"count":5,"href":"https:\/\/www.unesen.ca\/press\/index.php?rest_route=\/wp\/v2\/posts\/6666\/revisions"}],"predecessor-version":[{"id":6703,"href":"https:\/\/www.unesen.ca\/press\/index.php?rest_route=\/wp\/v2\/posts\/6666\/revisions\/6703"}],"wp:featuredmedia":[{"embeddable":true,"href":"https:\/\/www.unesen.ca\/press\/index.php?rest_route=\/wp\/v2\/media\/6669"}],"wp:attachment":[{"href":"https:\/\/www.unesen.ca\/press\/index.php?rest_route=%2Fwp%2Fv2%2Fmedia&parent=6666"}],"wp:term":[{"taxonomy":"category","embeddable":true,"href":"https:\/\/www.unesen.ca\/press\/index.php?rest_route=%2Fwp%2Fv2%2Fcategories&post=6666"},{"taxonomy":"post_tag","embeddable":true,"href":"https:\/\/www.unesen.ca\/press\/index.php?rest_route=%2Fwp%2Fv2%2Ftags&post=6666"}],"curies":[{"name":"wp","href":"https:\/\/api.w.org\/{rel}","templated":true}]}}