{"id":6633,"date":"2018-08-15T07:34:38","date_gmt":"2018-08-15T12:34:38","guid":{"rendered":"http:\/\/fr.une-sen.org\/press\/?p=6633"},"modified":"2018-08-15T08:07:07","modified_gmt":"2018-08-15T13:07:07","slug":"fete-nationale-des-acadiens-et-des-acadiennes","status":"publish","type":"post","link":"https:\/\/www.unesen.ca\/press\/?p=6633&amp;lang=fr","title":{"rendered":"F\u00eate nationale des Acadiens et des Acadiennes"},"content":{"rendered":"<p style=\"text-align: center;\">\u00a0<a href=\"http:\/\/www.une-sen.org\/press\/wp-content\/uploads\/2018\/08\/acadian-and-canadian-flags-picture-twitter-1.jpg\"><img loading=\"lazy\" class=\"alignnone size-medium wp-image-6638\" src=\"http:\/\/www.une-sen.org\/press\/wp-content\/uploads\/2018\/08\/acadian-and-canadian-flags-picture-twitter-1-300x150.jpg\" alt=\"\" width=\"300\" height=\"150\" srcset=\"https:\/\/www.unesen.ca\/press\/wp-content\/uploads\/2018\/08\/acadian-and-canadian-flags-picture-twitter-1-300x150.jpg 300w, https:\/\/www.unesen.ca\/press\/wp-content\/uploads\/2018\/08\/acadian-and-canadian-flags-picture-twitter-1-768x384.jpg 768w, https:\/\/www.unesen.ca\/press\/wp-content\/uploads\/2018\/08\/acadian-and-canadian-flags-picture-twitter-1.jpg 1024w, https:\/\/www.unesen.ca\/press\/wp-content\/uploads\/2018\/08\/acadian-and-canadian-flags-picture-twitter-1-150x75.jpg 150w\" sizes=\"(max-width: 300px) 100vw, 300px\" \/><\/a><\/p>\n<p>Bon 15 ao\u00fbt! C\u2019est une grande journ\u00e9e pour tous les Acadiens et Acadiennes du monde entier. L\u2019Acadie est le seul pays consid\u00e9r\u00e9 sans fronti\u00e8res. Les premiers Fran\u00e7ais se sont \u00e9tablis en Acadie dans le but d\u2019avoir une vie meilleure que celle v\u00e9cue en France. L\u2019Acadie a appartenu tant\u00f4t \u00e0 la France, tant\u00f4t \u00e0 l\u2019Angleterre entre 1604 et 1713; la p\u00e9riode 1713-1755 marque une p\u00e9riode difficile pour le peuple acadien. Les Britanniques souhaitaient que les Acadiens et Acadiennes fassent all\u00e9geance au roi d\u2019Angleterre. Les Acadiens et Acadiennes refus\u00e8rent de le faire, voulant seulement vivre en paix, aussi bien sur territoire fran\u00e7ais qu\u2019anglais.<\/p>\n<p>En juin 1755, les Britanniques ayant alors pris possession des colonies fran\u00e7aises en Am\u00e9rique du Nord, le gouverneur britannique de la Nouvelle-\u00c9cosse d\u00e9cr\u00e9ta la D\u00e9portation des Acadiens, faisant partie du Grand D\u00e9rangement. Cette p\u00e9riode s\u2019\u00e9tend entre 1755 et 17663. Le but \u00e9tait de disperser les Acadiens et Acadiennes dans les divers territoires sous domination britannique. Les Acadiens et Acadiennes furent d\u00e9pouill\u00e9s de toutes leurs possessions et d\u00e9plac\u00e9s \u00e0 travers le monde. Ils furent chass\u00e9s et emprisonn\u00e9s jusqu\u2019en 1763. Apr\u00e8s cette date, le peuple acadien fut autoris\u00e9 \u00e0 revenir dans ce qui deviendra plus tard les provinces de l\u2019Atlantique. Pendant plus de cent ans, parler fran\u00e7ais en public \u00e9tait prohib\u00e9 par la loi et il n\u2019y avait aucune \u00e9ducation en fran\u00e7ais. Le drapeau acadien apparut en 1881, le drapeau fran\u00e7ais avec l\u2019\u00e9toile jaune; la F\u00eate nationale des Acadiens et des Acadiennes fut d\u00e9sign\u00e9e peu de temps apr\u00e8s, ainsi que notre hymne national, l\u2019Ave Maris Stella.<\/p>\n<p>Notre identit\u00e9 acadienne, c\u2019est notre fiert\u00e9. Parfois, les gens me demandent si je ressens encore une certaine animosit\u00e9 \u00e0 l\u2019\u00e9gard de la Couronne britannique dans sa tentative de se d\u00e9barrasser du peuple acadien, et je leur r\u00e9ponds non. M\u00eame aujourd\u2019hui, l\u2019intol\u00e9rance envers d\u2019autres personnes et cultures existe, et certaines personnes essayent encore de rejeter les plus d\u00e9munis. Je refuse de vivre dans la haine. La D\u00e9portation des Acadiens a fait en sorte que nous ayons une culture forte et r\u00e9siliente, une culture fi\u00e8re de notre identit\u00e9, qui appartient \u00e0 un pays sans fronti\u00e8res. Ce pays parle un vieux fran\u00e7ais d\u2019autrefois, du Poitou et de la Normandie, un fran\u00e7ais qui n\u2019est plus retrouv\u00e9 dans les dictionnaires Larousse ou le Petit Robert, un fran\u00e7ais qui est rest\u00e9 vivant, ici, en Acadie, d\u2019une g\u00e9n\u00e9ration \u00e0 l\u2019autre.<\/p>\n<p>Mike LeBlanc, vice-pr\u00e9sident r\u00e9gional de l&#8217;Atlantique<\/p>\n","protected":false},"excerpt":{"rendered":"<p>\u00a0 Bon 15 ao\u00fbt! C\u2019est une grande journ\u00e9e pour tous les Acadiens et Acadiennes du monde entier. L\u2019Acadie est le seul pays consid\u00e9r\u00e9 sans fronti\u00e8res. Les premiers Fran\u00e7ais se sont \u00e9tablis en Acadie dans le but d\u2019avoir une vie meilleure que celle v\u00e9cue en France. L\u2019Acadie a appartenu tant\u00f4t \u00e0 la France, tant\u00f4t \u00e0 l\u2019Angleterre &hellip; <\/p>\n<p class=\"link-more\"><a href=\"https:\/\/www.unesen.ca\/press\/?p=6633&#038;lang=fr\" class=\"more-link\">>><span class=\"screen-reader-text\"> &#8220;F\u00eate nationale des Acadiens et des Acadiennes&#8221;<\/span><\/a><\/p>\n","protected":false},"author":6,"featured_media":6636,"comment_status":"closed","ping_status":"open","sticky":false,"template":"","format":"standard","meta":{"_links_to":"","_links_to_target":""},"categories":[],"tags":[],"_links":{"self":[{"href":"https:\/\/www.unesen.ca\/press\/index.php?rest_route=\/wp\/v2\/posts\/6633"}],"collection":[{"href":"https:\/\/www.unesen.ca\/press\/index.php?rest_route=\/wp\/v2\/posts"}],"about":[{"href":"https:\/\/www.unesen.ca\/press\/index.php?rest_route=\/wp\/v2\/types\/post"}],"author":[{"embeddable":true,"href":"https:\/\/www.unesen.ca\/press\/index.php?rest_route=\/wp\/v2\/users\/6"}],"replies":[{"embeddable":true,"href":"https:\/\/www.unesen.ca\/press\/index.php?rest_route=%2Fwp%2Fv2%2Fcomments&post=6633"}],"version-history":[{"count":2,"href":"https:\/\/www.unesen.ca\/press\/index.php?rest_route=\/wp\/v2\/posts\/6633\/revisions"}],"predecessor-version":[{"id":6639,"href":"https:\/\/www.unesen.ca\/press\/index.php?rest_route=\/wp\/v2\/posts\/6633\/revisions\/6639"}],"wp:featuredmedia":[{"embeddable":true,"href":"https:\/\/www.unesen.ca\/press\/index.php?rest_route=\/wp\/v2\/media\/6636"}],"wp:attachment":[{"href":"https:\/\/www.unesen.ca\/press\/index.php?rest_route=%2Fwp%2Fv2%2Fmedia&parent=6633"}],"wp:term":[{"taxonomy":"category","embeddable":true,"href":"https:\/\/www.unesen.ca\/press\/index.php?rest_route=%2Fwp%2Fv2%2Fcategories&post=6633"},{"taxonomy":"post_tag","embeddable":true,"href":"https:\/\/www.unesen.ca\/press\/index.php?rest_route=%2Fwp%2Fv2%2Ftags&post=6633"}],"curies":[{"name":"wp","href":"https:\/\/api.w.org\/{rel}","templated":true}]}}