{"id":6611,"date":"2018-07-26T14:22:01","date_gmt":"2018-07-26T19:22:01","guid":{"rendered":"http:\/\/fr.une-sen.org\/press\/?p=6611"},"modified":"2018-07-30T11:50:32","modified_gmt":"2018-07-30T16:50:32","slug":"conference-sur-la-sante-et-la-securite-en-milieu-de-travail-2018","status":"publish","type":"post","link":"https:\/\/www.unesen.ca\/press\/?p=6611&amp;lang=fr","title":{"rendered":"Conf\u00e9rence sur la sant\u00e9 et la s\u00e9curit\u00e9 en milieu de travail \u2013 2018"},"content":{"rendered":"<p style=\"text-align: center;\"><a href=\"http:\/\/www.une-sen.org\/press\/wp-content\/uploads\/2018\/07\/2018-health-and-safety_600.jpg\"><img loading=\"lazy\" class=\"alignnone size-medium wp-image-6608\" src=\"http:\/\/www.une-sen.org\/press\/wp-content\/uploads\/2018\/07\/2018-health-and-safety_600-300x250.jpg\" alt=\"\" width=\"300\" height=\"250\" srcset=\"https:\/\/www.unesen.ca\/press\/wp-content\/uploads\/2018\/07\/2018-health-and-safety_600-300x250.jpg 300w, https:\/\/www.unesen.ca\/press\/wp-content\/uploads\/2018\/07\/2018-health-and-safety_600-150x125.jpg 150w, https:\/\/www.unesen.ca\/press\/wp-content\/uploads\/2018\/07\/2018-health-and-safety_600.jpg 360w\" sizes=\"(max-width: 300px) 100vw, 300px\" \/><\/a><\/p>\n<p style=\"text-align: left;\">Joignez-vous \u00e0 nous pour la Conf\u00e9rence sur la sant\u00e9 et la s\u00e9curit\u00e9 en milieu de travail du SEN qui aura lieu du <strong>25 au 28 octobre 2018<\/strong> \u00e0 l\u2019H\u00f4tel Hilton du Lac Leamy, \u00e0 Gatineau. Participez aux discussions sur cette th\u00e9matique pour apprendre comment rendre votre milieu de travail plus s\u00e9curitaire et plus sain pour vous et vos pairs!<\/p>\n<p>Pour plus d\u2019information:<\/p>\n<ul>\n<li><a href=\"http:\/\/www.une-sen.org\/events\/conferences\/OHS\/2018\/fr\/2018-ohs-conference-call-out.pdf\"><strong>Convocation \u00e0 la Conf\u00e9rence sur la sant\u00e9 et la s\u00e9curit\u00e9 en milieu de travail<\/strong><\/a><\/li>\n<li><a href=\"http:\/\/fr.une-sen.org\/events\/conferences\/OHS\/2018\/fr\/2018-ohs-conference-application-form.pdf\"><strong>Formulaire de candidature \u00e0 la conf\u00e9rence sant\u00e9 et s\u00e9curit\u00e9 en milieu de travail<\/strong><\/a><\/li>\n<\/ul>\n<p>La date limite d\u2019inscription est<strong> le vendredi 10 ao\u00fbt 2018.<\/strong><\/p>\n<p><strong>\u00a0<\/strong><\/p>\n<p><strong>\u00a0<\/strong><\/p>\n","protected":false},"excerpt":{"rendered":"<p>Joignez-vous \u00e0 nous pour la Conf\u00e9rence sur la sant\u00e9 et la s\u00e9curit\u00e9 en milieu de travail du SEN qui aura lieu du 25 au 28 octobre 2018 \u00e0 l\u2019H\u00f4tel Hilton du Lac Leamy, \u00e0 Gatineau. Participez aux discussions sur cette th\u00e9matique pour apprendre comment rendre votre milieu de travail plus s\u00e9curitaire et plus sain pour &hellip; <\/p>\n<p class=\"link-more\"><a href=\"https:\/\/www.unesen.ca\/press\/?p=6611&#038;lang=fr\" class=\"more-link\">>><span class=\"screen-reader-text\"> &#8220;Conf\u00e9rence sur la sant\u00e9 et la s\u00e9curit\u00e9 en milieu de travail \u2013 2018&#8221;<\/span><\/a><\/p>\n","protected":false},"author":6,"featured_media":6626,"comment_status":"open","ping_status":"open","sticky":false,"template":"","format":"standard","meta":{"_links_to":"","_links_to_target":""},"categories":[],"tags":[],"_links":{"self":[{"href":"https:\/\/www.unesen.ca\/press\/index.php?rest_route=\/wp\/v2\/posts\/6611"}],"collection":[{"href":"https:\/\/www.unesen.ca\/press\/index.php?rest_route=\/wp\/v2\/posts"}],"about":[{"href":"https:\/\/www.unesen.ca\/press\/index.php?rest_route=\/wp\/v2\/types\/post"}],"author":[{"embeddable":true,"href":"https:\/\/www.unesen.ca\/press\/index.php?rest_route=\/wp\/v2\/users\/6"}],"replies":[{"embeddable":true,"href":"https:\/\/www.unesen.ca\/press\/index.php?rest_route=%2Fwp%2Fv2%2Fcomments&post=6611"}],"version-history":[{"count":4,"href":"https:\/\/www.unesen.ca\/press\/index.php?rest_route=\/wp\/v2\/posts\/6611\/revisions"}],"predecessor-version":[{"id":6629,"href":"https:\/\/www.unesen.ca\/press\/index.php?rest_route=\/wp\/v2\/posts\/6611\/revisions\/6629"}],"wp:featuredmedia":[{"embeddable":true,"href":"https:\/\/www.unesen.ca\/press\/index.php?rest_route=\/wp\/v2\/media\/6626"}],"wp:attachment":[{"href":"https:\/\/www.unesen.ca\/press\/index.php?rest_route=%2Fwp%2Fv2%2Fmedia&parent=6611"}],"wp:term":[{"taxonomy":"category","embeddable":true,"href":"https:\/\/www.unesen.ca\/press\/index.php?rest_route=%2Fwp%2Fv2%2Fcategories&post=6611"},{"taxonomy":"post_tag","embeddable":true,"href":"https:\/\/www.unesen.ca\/press\/index.php?rest_route=%2Fwp%2Fv2%2Ftags&post=6611"}],"curies":[{"name":"wp","href":"https:\/\/api.w.org\/{rel}","templated":true}]}}