{"id":6600,"date":"2018-06-28T15:18:13","date_gmt":"2018-06-28T20:18:13","guid":{"rendered":"http:\/\/fr.une-sen.org\/press\/?p=6600"},"modified":"2018-06-28T15:18:13","modified_gmt":"2018-06-28T20:18:13","slug":"appel-de-revendications-agence-parcs-canada","status":"publish","type":"post","link":"https:\/\/www.unesen.ca\/press\/?p=6600&amp;lang=fr","title":{"rendered":"Appel de revendications-Agence Parcs Canada"},"content":{"rendered":"<p>La prochaine ronde de n\u00e9gociations avec l&#8217;employeur pour renouveler votre convention collective aura lieu bient\u00f4t. L\u2019Alliance de la fonction publique du Canada (AFPC) a la responsabilit\u00e9 principale en mati\u00e8re de n\u00e9gociations collectives, mais avant le d\u00e9but des n\u00e9gociations, le SEN est responsable d\u2019obtenir les revendications de ses membres.<\/p>\n<p>C&#8217;est l\u2019occasion pour vous de vous exprimer et de parler des \u00e9l\u00e9ments pr\u00e9cis qu\u2019il faut am\u00e9liorer dans votre convention collective.<\/p>\n<p><strong>Dates cl\u00e9s:<\/strong><\/p>\n<ul>\n<li><strong>Date limite pour pr\u00e9senter des demandes en vue de la conf\u00e9rence nationale sur la n\u00e9gociation: le 16 juillet 2018.\u00a0<\/strong>Remplissez le\u00a0<a href=\"http:\/\/www.une-sen.org\/press\/wp-content\/uploads\/2018\/06\/parks-nbc-application-delegates-fr.pdf\" target=\"_blank\" rel=\"noopener\">formulaire de candidature<\/a> et envoyez-le par courriel <a href=\"mailto:Emily.Gault-Due@une-sen.org\">Emily.Gault-Due@une-sen.org<\/a>.<\/li>\n<\/ul>\n<ul>\n<li><strong>Date limite <a href=\"http:\/\/fr.une-sen.org\/what_we_do\/bargaining_form.php\">pour pr\u00e9senter les revendications<\/a> au SEN: le 25 juillet 2018.<\/strong><\/li>\n<\/ul>\n<p>&nbsp;<\/p>\n<p>&nbsp;<\/p>\n","protected":false},"excerpt":{"rendered":"<p>La prochaine ronde de n\u00e9gociations avec l&#8217;employeur pour renouveler votre convention collective aura lieu bient\u00f4t. L\u2019Alliance de la fonction publique du Canada (AFPC) a la responsabilit\u00e9 principale en mati\u00e8re de n\u00e9gociations collectives, mais avant le d\u00e9but des n\u00e9gociations, le SEN est responsable d\u2019obtenir les revendications de ses membres. C&#8217;est l\u2019occasion pour vous de vous exprimer &hellip; <\/p>\n<p class=\"link-more\"><a href=\"https:\/\/www.unesen.ca\/press\/?p=6600&#038;lang=fr\" class=\"more-link\">>><span class=\"screen-reader-text\"> &#8220;Appel de revendications-Agence Parcs Canada&#8221;<\/span><\/a><\/p>\n","protected":false},"author":6,"featured_media":0,"comment_status":"open","ping_status":"open","sticky":false,"template":"","format":"standard","meta":{"_links_to":"","_links_to_target":""},"categories":[],"tags":[],"_links":{"self":[{"href":"https:\/\/www.unesen.ca\/press\/index.php?rest_route=\/wp\/v2\/posts\/6600"}],"collection":[{"href":"https:\/\/www.unesen.ca\/press\/index.php?rest_route=\/wp\/v2\/posts"}],"about":[{"href":"https:\/\/www.unesen.ca\/press\/index.php?rest_route=\/wp\/v2\/types\/post"}],"author":[{"embeddable":true,"href":"https:\/\/www.unesen.ca\/press\/index.php?rest_route=\/wp\/v2\/users\/6"}],"replies":[{"embeddable":true,"href":"https:\/\/www.unesen.ca\/press\/index.php?rest_route=%2Fwp%2Fv2%2Fcomments&post=6600"}],"version-history":[{"count":2,"href":"https:\/\/www.unesen.ca\/press\/index.php?rest_route=\/wp\/v2\/posts\/6600\/revisions"}],"predecessor-version":[{"id":6604,"href":"https:\/\/www.unesen.ca\/press\/index.php?rest_route=\/wp\/v2\/posts\/6600\/revisions\/6604"}],"wp:attachment":[{"href":"https:\/\/www.unesen.ca\/press\/index.php?rest_route=%2Fwp%2Fv2%2Fmedia&parent=6600"}],"wp:term":[{"taxonomy":"category","embeddable":true,"href":"https:\/\/www.unesen.ca\/press\/index.php?rest_route=%2Fwp%2Fv2%2Fcategories&post=6600"},{"taxonomy":"post_tag","embeddable":true,"href":"https:\/\/www.unesen.ca\/press\/index.php?rest_route=%2Fwp%2Fv2%2Ftags&post=6600"}],"curies":[{"name":"wp","href":"https:\/\/api.w.org\/{rel}","templated":true}]}}