{"id":6589,"date":"2018-06-28T14:11:16","date_gmt":"2018-06-28T19:11:16","guid":{"rendered":"http:\/\/fr.une-sen.org\/press\/?p=6589"},"modified":"2018-06-28T14:11:16","modified_gmt":"2018-06-28T19:11:16","slug":"mise-a-jour-sur-les-negociations-oes","status":"publish","type":"post","link":"https:\/\/www.unesen.ca\/press\/?p=6589&amp;lang=fr","title":{"rendered":"Mise \u00e0 jour sur les n\u00e9gociations OES"},"content":{"rendered":"<p>L&#8217;\u00e9quipe de n\u00e9gociation s&#8217;est r\u00e9unie \u00e0 Ottawa du 12 au 14 juin 2018 pour tenter de conclure une convention collective pour les unit\u00e9s de bureau r\u00e9gionaux et de terrain.<\/p>\n<p>Une am\u00e9lioration importante pour nos membres dans les deux unit\u00e9s a \u00e9t\u00e9 atteinte apr\u00e8s des semaines de discussions avec l&#8217;employeur: la conversion des postes \u00e0 dur\u00e9e d\u00e9termin\u00e9e en postes \u00e0 dur\u00e9e ind\u00e9termin\u00e9e au bout de quatre ann\u00e9es d&#8217;emploi \u00e0 OES. La nouvelle politique entrera en vigueur le 1er octobre 2018 et ne peut \u00eatre modifi\u00e9e sauf si les deux parties conviennent de la modifier.<\/p>\n<p>L&#8217;\u00e9quipe de n\u00e9gociation de l&#8217;AFPC s&#8217;est d\u00e9men\u00e9e pour n\u00e9gocier une convention collective \u00e9quitable et pr\u00e9senter des propositions sur des questions li\u00e9es aux salaires. L&#8217;employeur a accept\u00e9 la m\u00eame augmentation salariale que celle appliqu\u00e9e \u00e0 l\u2019administration publique centrale, mais a refus\u00e9 toute autre offre.<\/p>\n<p>Dans la mesure o\u00f9 il y a encore d&#8217;importantes questions salariales sur lesquelles les deux parties ne pouvaient pas s\u2019entendre, la prochaine \u00e9tape consistera \u00e0 demander l&#8217;arbitrage. Restez \u00e0 l&#8217;\u00e9coute.<\/p>\n<p><strong>Votre \u00e9quipe de n\u00e9go :<\/strong><\/p>\n<p>Shalane Spencer<\/p>\n<p>Mary Ann Walker<\/p>\n<p>Linda Woods<\/p>\n<p>Shelly Daudlin<\/p>\n<p>Alice Vallee<\/p>\n<p>Claude-Andre Leduc<\/p>\n<p>Anna Goldfeld<\/p>\n","protected":false},"excerpt":{"rendered":"<p>L&#8217;\u00e9quipe de n\u00e9gociation s&#8217;est r\u00e9unie \u00e0 Ottawa du 12 au 14 juin 2018 pour tenter de conclure une convention collective pour les unit\u00e9s de bureau r\u00e9gionaux et de terrain. Une am\u00e9lioration importante pour nos membres dans les deux unit\u00e9s a \u00e9t\u00e9 atteinte apr\u00e8s des semaines de discussions avec l&#8217;employeur: la conversion des postes \u00e0 dur\u00e9e &hellip; <\/p>\n<p class=\"link-more\"><a href=\"https:\/\/www.unesen.ca\/press\/?p=6589&#038;lang=fr\" class=\"more-link\">>><span class=\"screen-reader-text\"> &#8220;Mise \u00e0 jour sur les n\u00e9gociations OES&#8221;<\/span><\/a><\/p>\n","protected":false},"author":6,"featured_media":6591,"comment_status":"open","ping_status":"open","sticky":false,"template":"","format":"standard","meta":{"_links_to":"","_links_to_target":""},"categories":[],"tags":[],"_links":{"self":[{"href":"https:\/\/www.unesen.ca\/press\/index.php?rest_route=\/wp\/v2\/posts\/6589"}],"collection":[{"href":"https:\/\/www.unesen.ca\/press\/index.php?rest_route=\/wp\/v2\/posts"}],"about":[{"href":"https:\/\/www.unesen.ca\/press\/index.php?rest_route=\/wp\/v2\/types\/post"}],"author":[{"embeddable":true,"href":"https:\/\/www.unesen.ca\/press\/index.php?rest_route=\/wp\/v2\/users\/6"}],"replies":[{"embeddable":true,"href":"https:\/\/www.unesen.ca\/press\/index.php?rest_route=%2Fwp%2Fv2%2Fcomments&post=6589"}],"version-history":[{"count":1,"href":"https:\/\/www.unesen.ca\/press\/index.php?rest_route=\/wp\/v2\/posts\/6589\/revisions"}],"predecessor-version":[{"id":6592,"href":"https:\/\/www.unesen.ca\/press\/index.php?rest_route=\/wp\/v2\/posts\/6589\/revisions\/6592"}],"wp:featuredmedia":[{"embeddable":true,"href":"https:\/\/www.unesen.ca\/press\/index.php?rest_route=\/wp\/v2\/media\/6591"}],"wp:attachment":[{"href":"https:\/\/www.unesen.ca\/press\/index.php?rest_route=%2Fwp%2Fv2%2Fmedia&parent=6589"}],"wp:term":[{"taxonomy":"category","embeddable":true,"href":"https:\/\/www.unesen.ca\/press\/index.php?rest_route=%2Fwp%2Fv2%2Fcategories&post=6589"},{"taxonomy":"post_tag","embeddable":true,"href":"https:\/\/www.unesen.ca\/press\/index.php?rest_route=%2Fwp%2Fv2%2Ftags&post=6589"}],"curies":[{"name":"wp","href":"https:\/\/api.w.org\/{rel}","templated":true}]}}