{"id":654,"date":"2012-02-26T14:32:10","date_gmt":"2012-02-26T19:32:10","guid":{"rendered":"http:\/\/www.nationalcomponent.com\/press\/?p=654"},"modified":"2014-02-25T19:07:12","modified_gmt":"2014-02-25T19:07:12","slug":"journee-du-chandail-rose","status":"publish","type":"post","link":"https:\/\/www.unesen.ca\/press\/?p=654&amp;lang=fr","title":{"rendered":"Journ\u00e9e du chandail rose"},"content":{"rendered":"<p><img loading=\"lazy\" class=\"alignnone size-full wp-image-655\" alt=\"Journ\u00e9e du chandail rose\" src=\"http:\/\/www.une-sen.org\/press\/wp-content\/uploads\/2012\/03\/pinkshirtday_f.jpg\" width=\"541\" height=\"360\" srcset=\"https:\/\/www.unesen.ca\/press\/wp-content\/uploads\/2012\/03\/pinkshirtday_f.jpg 541w, https:\/\/www.unesen.ca\/press\/wp-content\/uploads\/2012\/03\/pinkshirtday_f-300x199.jpg 300w\" sizes=\"(max-width: 541px) 100vw, 541px\" \/><\/p>\n<p>Portez un chandail rose le mercredi 29 f\u00e9vrier; c\u2019est la journ\u00e9e contre l\u2019intimidation qu\u2019on appelle aussi la Journ\u00e9e du chandail rose. En portant un chandail rose, vous dites que l\u2019intimidation ne sera pas tol\u00e9r\u00e9e.<\/p>\n<p>La Journ\u00e9e du chandail rose est inspir\u00e9e par les actions de David Shepherd et Travis Price de la Nouvelle-\u00c9cosse. Lorsqu\u2019un gar\u00e7on de la 9e ann\u00e9e s\u2019est fait intimider parce qu\u2019il portait un chandail rose, M. Shepherd et M. Price ont mobilis\u00e9 50 \u00e9tudiants, qui ont tous port\u00e9 un chandail rose le lendemain. D\u2019apr\u00e8s le site web de la Journ\u00e9e du chandail rose, \u00ab On n&#8217;entendit plus jamais parler des intimidateurs \u00bb.<\/p>\n<p>Porterez-vous un chandail rose?<\/p>\n","protected":false},"excerpt":{"rendered":"<p>Portez un chandail rose le mercredi 29 f\u00e9vrier; c\u2019est la journ\u00e9e contre l\u2019intimidation qu\u2019on appelle aussi la Journ\u00e9e du chandail rose. En portant un chandail rose, vous dites que l\u2019intimidation ne sera pas tol\u00e9r\u00e9e. La Journ\u00e9e du chandail rose est inspir\u00e9e par les actions de David Shepherd et Travis Price de la Nouvelle-\u00c9cosse. Lorsqu\u2019un gar\u00e7on &hellip; <\/p>\n<p class=\"link-more\"><a href=\"https:\/\/www.unesen.ca\/press\/?p=654&#038;lang=fr\" class=\"more-link\">>><span class=\"screen-reader-text\"> &#8220;Journ\u00e9e du chandail rose&#8221;<\/span><\/a><\/p>\n","protected":false},"author":3,"featured_media":0,"comment_status":"open","ping_status":"open","sticky":false,"template":"","format":"standard","meta":{"_links_to":"","_links_to_target":""},"categories":[],"tags":[],"_links":{"self":[{"href":"https:\/\/www.unesen.ca\/press\/index.php?rest_route=\/wp\/v2\/posts\/654"}],"collection":[{"href":"https:\/\/www.unesen.ca\/press\/index.php?rest_route=\/wp\/v2\/posts"}],"about":[{"href":"https:\/\/www.unesen.ca\/press\/index.php?rest_route=\/wp\/v2\/types\/post"}],"author":[{"embeddable":true,"href":"https:\/\/www.unesen.ca\/press\/index.php?rest_route=\/wp\/v2\/users\/3"}],"replies":[{"embeddable":true,"href":"https:\/\/www.unesen.ca\/press\/index.php?rest_route=%2Fwp%2Fv2%2Fcomments&post=654"}],"version-history":[{"count":1,"href":"https:\/\/www.unesen.ca\/press\/index.php?rest_route=\/wp\/v2\/posts\/654\/revisions"}],"predecessor-version":[{"id":3556,"href":"https:\/\/www.unesen.ca\/press\/index.php?rest_route=\/wp\/v2\/posts\/654\/revisions\/3556"}],"wp:attachment":[{"href":"https:\/\/www.unesen.ca\/press\/index.php?rest_route=%2Fwp%2Fv2%2Fmedia&parent=654"}],"wp:term":[{"taxonomy":"category","embeddable":true,"href":"https:\/\/www.unesen.ca\/press\/index.php?rest_route=%2Fwp%2Fv2%2Fcategories&post=654"},{"taxonomy":"post_tag","embeddable":true,"href":"https:\/\/www.unesen.ca\/press\/index.php?rest_route=%2Fwp%2Fv2%2Ftags&post=654"}],"curies":[{"name":"wp","href":"https:\/\/api.w.org\/{rel}","templated":true}]}}