{"id":651,"date":"2012-02-23T14:30:24","date_gmt":"2012-02-23T19:30:24","guid":{"rendered":"http:\/\/www.nationalcomponent.com\/press\/?p=651"},"modified":"2014-02-25T19:07:44","modified_gmt":"2014-02-25T19:07:44","slug":"une-journee-creve-coeur","status":"publish","type":"post","link":"https:\/\/www.unesen.ca\/press\/?p=651&amp;lang=fr","title":{"rendered":"Une journ\u00e9e cr\u00e8ve-c\u0153ur"},"content":{"rendered":"<p><img loading=\"lazy\" class=\"alignnone size-full wp-image-652\" alt=\"Une journ\u00e9e cr\u00e8ve-c\u0153ur\" src=\"http:\/\/www.une-sen.org\/press\/wp-content\/uploads\/2012\/03\/feb14_f.jpg\" width=\"541\" height=\"360\" srcset=\"https:\/\/www.unesen.ca\/press\/wp-content\/uploads\/2012\/03\/feb14_f.jpg 541w, https:\/\/www.unesen.ca\/press\/wp-content\/uploads\/2012\/03\/feb14_f-300x199.jpg 300w\" sizes=\"(max-width: 541px) 100vw, 541px\" \/><\/p>\n<p>Chaque ann\u00e9e, \u00e0 la Saint-Valentin, bien des gens sourient, s\u2019\u00e9treignent et se souhaitent une \u00ab\u00a0joyeuse Saint-Valentin!\u00a0\u00bb Pour d\u2019autres, c\u2019est une journ\u00e9e cr\u00e8ve-c\u0153ur: le 14\u00a0f\u00e9vrier est une journ\u00e9e o\u00f9 ils pensent aux \u00eatres chers qu\u2019ils ont perdus et participent \u00e0 des marches comm\u00e9moratives partout au Canada.<\/p>\n<p>Cette ann\u00e9e marque la 21e\u00a0marche annuelle en m\u00e9moire des femmes. Elle passe dans le quartier centre-est de Vancouver, un quartier o\u00f9 de nombreuses femmes des Premi\u00e8res Nations sont victimes de violence. \u00c0 l\u2019\u00e9chelle nationale, il y a plus de 600\u00a0femmes sur la liste des personnes disparues ou assassin\u00e9es \u00e9tablie par l\u2019Association des femmes autochtones du Canada.<\/p>\n<p>\u00ab\u00a0En janvier\u00a01991, une femme a \u00e9t\u00e9 assassin\u00e9e sur la rue Powell. Son nom ne sera pas \u00e9voqu\u00e9 aujourd&#8217;hui, car c\u2019est ce qu\u2019a demand\u00e9 sa famille. Le d\u00e9c\u00e8s de cette femme a \u00e9t\u00e9 le catalyseur qui a d\u00e9cid\u00e9 les femmes \u00e0 agir et \u00e0 organiser cette marche sp\u00e9ciale de la Saint-Valentin\u00a0\u00bb, expliquent les organisatrices de la marche au Carnegie Community Centre.<\/p>\n<p>Contrairement \u00e0 la journ\u00e9e pluvieuse de l\u2019an dernier, nos membres ont eu la chance de profiter d\u2019un temps superbe. J\u2019ai eu le plaisir de faire la marche en compagnie de cons\u0153urs du SEN, r\u00e9gion de la C.-B., ainsi que de cons\u0153urs et de confr\u00e8res du bureau r\u00e9gional de Vancouver de l\u2019AFPC, du Comit\u00e9 des femmes de l\u2019AFPC, du Comit\u00e9 des droits de la personne et d\u2019autres organismes communautaires.<\/p>\n<p>Quand nous sommes arriv\u00e9s, nous avons \u00e9t\u00e9 accueillis par une cons\u0153ur des Premi\u00e8res Nations, qui a remis \u00e0 chacun d\u2019entre nous une carte magnifiquement d\u00e9cor\u00e9e. Sur chaque carte figurait un proverbe unique en l\u2019honneur des femmes assassin\u00e9es. Sur la mienne, il \u00e9tait \u00e9crit\u00a0: \u00ab\u00a0La mort laisse une douleur que personne ne peut gu\u00e9rir, l\u2019amour laisse un souvenir que personne ne peut ravir.\u00a0\u00bb<\/p>\n<p>Avant de commencer la marche, nous nous sommes r\u00e9unis dans le th\u00e9\u00e2tre du Carnegie Community Centre, o\u00f9 les familles des femmes disparues et assassin\u00e9es ont racont\u00e9 leur histoire. Les personnes qui ont parl\u00e9 ont fait preuve d\u2019une force incroyable. Quelqu&#8217;un a d\u00e9clar\u00e9\u00a0: \u00ab\u00a0Celles que nous aimions sont dans un monde meilleur; elles ne souffrent plus. Peut-\u00eatre qu\u2019elles nous observent, peu importe o\u00f9 elles sont, et veulent nous dire qu\u2019elles vont bien.\u00a0\u00bb<\/p>\n<p>\u00c0 l\u2019ext\u00e9rieur du centre, il y avait des tambours, des chants scand\u00e9s, des chansons, des pri\u00e8res et des salutations. Un confr\u00e8re des Premi\u00e8res Nations a g\u00e9n\u00e9reusement offert de la bannique fra\u00eeche aux participants de tous les \u00e2ges; il \u00e9tait heureux de voir les sourires qu\u2019il amenait sur les visages. Tout pr\u00e8s, un a\u00een\u00e9 a proc\u00e9d\u00e9 \u00e0 une c\u00e9r\u00e9monie de purification pour attirer les bons esprits et les influences positives.<\/p>\n<p>Dans la foule, j\u2019ai vu une femme pleurer. J\u2019ai plac\u00e9 ma main sur son \u00e9paule pour la r\u00e9conforter et, en retour, j&#8217;ai re\u00e7u une formidable \u00e9treinte. Les \u00e9motions \u00e9taient contagieuses. Nous avons pleur\u00e9, nous nous sommes \u00e9treints, nous avons \u00e9chang\u00e9 des histoires et nous nous sommes offert du soutien. Tout le monde \u00e9tait l\u00e0 pour la m\u00eame raison.<\/p>\n<p>Quand la marche a commenc\u00e9, des milliers de personnes ont rempli les rues, portant des banderoles, des photos, des rubans, des affiches et des courtepointes faites \u00e0 la main en m\u00e9moire des personnes qui nous ont \u00e9t\u00e9 enlev\u00e9es. M\u00eame si la plupart des marcheurs \u00e9taient autochtones, de nombreux autres, de toutes les origines, jeunes comme vieux, ont march\u00e9 en solidarit\u00e9.<\/p>\n<p>La foule s\u2019est arr\u00eat\u00e9e aux endroits o\u00f9 les femmes avaient \u00e9t\u00e9 aper\u00e7ues pour la derni\u00e8re fois ou l\u00e0 o\u00f9 leur corps a \u00e9t\u00e9 retrouv\u00e9. Chaque arr\u00eat \u00e9tait marqu\u00e9 d\u2019une c\u00e9r\u00e9monie de purification au c\u00e8dre. La foule a attir\u00e9 d\u2019autres personnes, qui se sont jointes \u00e0 la marche en cours de route. Et, comme chaque ann\u00e9e, des aigles ont survol\u00e9 la marche.<\/p>\n<p>La marche a pris fin avec une veill\u00e9e \u00e0 la chandelle en m\u00e9moire des femmes disparues ou assassin\u00e9es du quartier centre-est.<\/p>\n<p>Participer \u00e0 cet \u00e9v\u00e9nement a \u00e9t\u00e9 pour moi une exp\u00e9rience formidable et inoubliable. Cela nous rappelle que la lutte pour les droits des femmes n\u2019est pas termin\u00e9e et qu\u2019il faut que justice soit rendue pour nos s\u0153urs disparues.<\/p>\n<p>Jennifer Chieh Ho<br \/>\nVice-pr\u00e9sidente r\u00e9gionale de la r\u00e9gion de la C.-B. et du Yukon<br \/>\nSyndicat des employ\u00e9es et employ\u00e9s nationaux<\/p>\n","protected":false},"excerpt":{"rendered":"<p>Chaque ann\u00e9e, \u00e0 la Saint-Valentin, bien des gens sourient, s\u2019\u00e9treignent et se souhaitent une \u00ab\u00a0joyeuse Saint-Valentin!\u00a0\u00bb Pour d\u2019autres, c\u2019est une journ\u00e9e cr\u00e8ve-c\u0153ur: le 14\u00a0f\u00e9vrier est une journ\u00e9e o\u00f9 ils pensent aux \u00eatres chers qu\u2019ils ont perdus et participent \u00e0 des marches comm\u00e9moratives partout au Canada. Cette ann\u00e9e marque la 21e\u00a0marche annuelle en m\u00e9moire des femmes. &hellip; <\/p>\n<p class=\"link-more\"><a href=\"https:\/\/www.unesen.ca\/press\/?p=651&#038;lang=fr\" class=\"more-link\">>><span class=\"screen-reader-text\"> &#8220;Une journ\u00e9e cr\u00e8ve-c\u0153ur&#8221;<\/span><\/a><\/p>\n","protected":false},"author":3,"featured_media":0,"comment_status":"open","ping_status":"open","sticky":false,"template":"","format":"standard","meta":{"_links_to":"","_links_to_target":""},"categories":[],"tags":[],"_links":{"self":[{"href":"https:\/\/www.unesen.ca\/press\/index.php?rest_route=\/wp\/v2\/posts\/651"}],"collection":[{"href":"https:\/\/www.unesen.ca\/press\/index.php?rest_route=\/wp\/v2\/posts"}],"about":[{"href":"https:\/\/www.unesen.ca\/press\/index.php?rest_route=\/wp\/v2\/types\/post"}],"author":[{"embeddable":true,"href":"https:\/\/www.unesen.ca\/press\/index.php?rest_route=\/wp\/v2\/users\/3"}],"replies":[{"embeddable":true,"href":"https:\/\/www.unesen.ca\/press\/index.php?rest_route=%2Fwp%2Fv2%2Fcomments&post=651"}],"version-history":[{"count":1,"href":"https:\/\/www.unesen.ca\/press\/index.php?rest_route=\/wp\/v2\/posts\/651\/revisions"}],"predecessor-version":[{"id":3557,"href":"https:\/\/www.unesen.ca\/press\/index.php?rest_route=\/wp\/v2\/posts\/651\/revisions\/3557"}],"wp:attachment":[{"href":"https:\/\/www.unesen.ca\/press\/index.php?rest_route=%2Fwp%2Fv2%2Fmedia&parent=651"}],"wp:term":[{"taxonomy":"category","embeddable":true,"href":"https:\/\/www.unesen.ca\/press\/index.php?rest_route=%2Fwp%2Fv2%2Fcategories&post=651"},{"taxonomy":"post_tag","embeddable":true,"href":"https:\/\/www.unesen.ca\/press\/index.php?rest_route=%2Fwp%2Fv2%2Ftags&post=651"}],"curies":[{"name":"wp","href":"https:\/\/api.w.org\/{rel}","templated":true}]}}