{"id":633,"date":"2012-02-15T14:16:39","date_gmt":"2012-02-15T19:16:39","guid":{"rendered":"http:\/\/www.nationalcomponent.com\/press\/?p=633"},"modified":"2014-02-25T19:08:42","modified_gmt":"2014-02-25T19:08:42","slug":"lafpc-a-operations-des-enquetes-statistiques-ensemble-pour-defendre-nos-droits","status":"publish","type":"post","link":"https:\/\/www.unesen.ca\/press\/?p=633&amp;lang=fr","title":{"rendered":"L\u2019AFPC \u00e0 Op\u00e9rations des enqu\u00eates statistiques &#8211; Ensemble pour d\u00e9fendre nos droits"},"content":{"rendered":"<p><img loading=\"lazy\" class=\"alignnone size-full wp-image-634\" alt=\"L\u2019AFPC \u00e0 Op\u00e9rations des enqu\u00eates statistiques - Ensemble pour d\u00e9fendre nos droits\" src=\"http:\/\/www.une-sen.org\/press\/wp-content\/uploads\/2012\/03\/sso_rights_f.jpg\" width=\"541\" height=\"360\" srcset=\"https:\/\/www.unesen.ca\/press\/wp-content\/uploads\/2012\/03\/sso_rights_f.jpg 541w, https:\/\/www.unesen.ca\/press\/wp-content\/uploads\/2012\/03\/sso_rights_f-300x199.jpg 300w\" sizes=\"(max-width: 541px) 100vw, 541px\" \/><\/p>\n<p>Il semblerait que Statistiques Canada veut abandonner sa politique de non-licenciement dans le cadre des compressions budg\u00e9taires gracieuset\u00e9 de M. Harper. Politique ou non, notre convention collective pr\u00e9cise que l&#8217;employeur doit faire tout dans son possible pour s&#8217;assurer que les compressions se font par attrition. Statisques Canada doit s&#8217;efforcer d&#8217;\u00e9viter les mises \u00e0 pied des membres de l&#8217;AFPC qui travaillent comme intervieweuses et intervieweurs, et comme intervieweuses principales et intervieweurs principaux r\u00e9gionaux.<\/p>\n<p>Ces protections sont dans notre convention collective; nous les ferons respecter!<\/p>\n<p>Pour de plus amples informations, t\u00e9l\u00e9chargez\u00a0<a href=\"..\/featured\/news\/SSO_OES_Feb2012.pdf\">cette affiche bilingue<\/a> de l&#8217;AFPC. Mieux encore, imprimez-en et partagez-les avec vos membres.<\/p>\n","protected":false},"excerpt":{"rendered":"<p>Il semblerait que Statistiques Canada veut abandonner sa politique de non-licenciement dans le cadre des compressions budg\u00e9taires gracieuset\u00e9 de M. Harper. Politique ou non, notre convention collective pr\u00e9cise que l&#8217;employeur doit faire tout dans son possible pour s&#8217;assurer que les compressions se font par attrition. Statisques Canada doit s&#8217;efforcer d&#8217;\u00e9viter les mises \u00e0 pied des &hellip; <\/p>\n<p class=\"link-more\"><a href=\"https:\/\/www.unesen.ca\/press\/?p=633&#038;lang=fr\" class=\"more-link\">>><span class=\"screen-reader-text\"> &#8220;L\u2019AFPC \u00e0 Op\u00e9rations des enqu\u00eates statistiques &#8211; Ensemble pour d\u00e9fendre nos droits&#8221;<\/span><\/a><\/p>\n","protected":false},"author":3,"featured_media":0,"comment_status":"open","ping_status":"open","sticky":false,"template":"","format":"standard","meta":{"_links_to":"","_links_to_target":""},"categories":[],"tags":[],"_links":{"self":[{"href":"https:\/\/www.unesen.ca\/press\/index.php?rest_route=\/wp\/v2\/posts\/633"}],"collection":[{"href":"https:\/\/www.unesen.ca\/press\/index.php?rest_route=\/wp\/v2\/posts"}],"about":[{"href":"https:\/\/www.unesen.ca\/press\/index.php?rest_route=\/wp\/v2\/types\/post"}],"author":[{"embeddable":true,"href":"https:\/\/www.unesen.ca\/press\/index.php?rest_route=\/wp\/v2\/users\/3"}],"replies":[{"embeddable":true,"href":"https:\/\/www.unesen.ca\/press\/index.php?rest_route=%2Fwp%2Fv2%2Fcomments&post=633"}],"version-history":[{"count":1,"href":"https:\/\/www.unesen.ca\/press\/index.php?rest_route=\/wp\/v2\/posts\/633\/revisions"}],"predecessor-version":[{"id":3559,"href":"https:\/\/www.unesen.ca\/press\/index.php?rest_route=\/wp\/v2\/posts\/633\/revisions\/3559"}],"wp:attachment":[{"href":"https:\/\/www.unesen.ca\/press\/index.php?rest_route=%2Fwp%2Fv2%2Fmedia&parent=633"}],"wp:term":[{"taxonomy":"category","embeddable":true,"href":"https:\/\/www.unesen.ca\/press\/index.php?rest_route=%2Fwp%2Fv2%2Fcategories&post=633"},{"taxonomy":"post_tag","embeddable":true,"href":"https:\/\/www.unesen.ca\/press\/index.php?rest_route=%2Fwp%2Fv2%2Ftags&post=633"}],"curies":[{"name":"wp","href":"https:\/\/api.w.org\/{rel}","templated":true}]}}