{"id":619,"date":"2012-01-10T13:56:47","date_gmt":"2012-01-10T18:56:47","guid":{"rendered":"http:\/\/www.nationalcomponent.com\/press\/?p=619"},"modified":"2014-02-25T19:10:03","modified_gmt":"2014-02-25T19:10:03","slug":"protegeons-nos-musees-2","status":"publish","type":"post","link":"https:\/\/www.unesen.ca\/press\/?p=619&amp;lang=fr","title":{"rendered":"Prot\u00e9geons nos mus\u00e9es!"},"content":{"rendered":"<p><img loading=\"lazy\" class=\"alignnone size-full wp-image-620\" alt=\"Prot\u00e9geons nos mus\u00e9es!\" src=\"http:\/\/www.une-sen.org\/press\/wp-content\/uploads\/2012\/03\/scienceandtech_f.jpg\" width=\"541\" height=\"360\" srcset=\"https:\/\/www.unesen.ca\/press\/wp-content\/uploads\/2012\/03\/scienceandtech_f.jpg 541w, https:\/\/www.unesen.ca\/press\/wp-content\/uploads\/2012\/03\/scienceandtech_f-300x199.jpg 300w\" sizes=\"(max-width: 541px) 100vw, 541px\" \/><\/p>\n<p>Jeudi, nos membres se sont rassembl\u00e9s \u00e0 l\u2019ext\u00e9rieur du Mus\u00e9e des sciences et de la technologie du Canada, puis, vendredi, devant le Mus\u00e9e de l\u2019aviation et de l\u2019espace du Canada pour protester contre les compressions budg\u00e9taires dans la fonction publique. \u00c0 peine deux semaines avant No\u00ebl, la Soci\u00e9t\u00e9 des mus\u00e9es de sciences et technologies du Canada a mis \u00e0 pied 17\u00a0employ\u00e9s.<\/p>\n<p>Le pr\u00e9sident national du SEN, Doug\u00a0Marshall, avait un message pour la Soci\u00e9t\u00e9\u00a0: \u00ab\u00a0Il faut garder les folies dans la cuisine bizarre! Elles n\u2019ont pas leur place au sein de la direction ni du gouvernement f\u00e9d\u00e9ral.\u00a0\u00bb M.\u00a0Marshall faisait bien s\u00fbr r\u00e9f\u00e9rence \u00e0 la plus populaire exposition du Mus\u00e9e des sciences et de la technologie du Canada, une cuisine dans laquelle les visiteurs \u00e9prouvent une d\u00e9sorientation spatiale.<\/p>\n<p>On dirait bien que les folies ne se limitent plus \u00e0 la cuisine. La soci\u00e9t\u00e9 affirme avoir fait les mises \u00e0 pied en raison des pressions budg\u00e9taires. Cependant, elle a maintenu 15\u00a0postes de cadres sup\u00e9rieurs (un cadre sup\u00e9rieur pour 13\u00a0employ\u00e9s) et leur a vers\u00e9 des primes annuelles.<\/p>\n<p>\u00ab\u00a0Lorsque vous r\u00e9duisez la qualit\u00e9 des services publics, vous minez le Canada\u00a0\u00bb, affirme Larry\u00a0Rousseau, vice-pr\u00e9sident ex\u00e9cutif r\u00e9gional de la r\u00e9gion de la capitale nationale de l\u2019AFPC. \u00ab\u00a0C\u2019est ce qu\u2019a toujours repr\u00e9sent\u00e9 cette \u00e9tablissement pour ma famille et moi, pour les gens d\u2019Ottawa et pour tous les Canadiens en g\u00e9n\u00e9ral.\u00a0\u00bb<\/p>\n<p>L\u2019\u00e9quipe r\u00e9gionale responsable des sections locales des employeurs distincts du SEN s\u2019est \u00e9galement pr\u00e9sent\u00e9e pour offrir son soutien et parler aux visiteurs. Les employ\u00e9s du mus\u00e9e ont distribu\u00e9 des fiches d\u2019information pour expliquer les r\u00e9percussions n\u00e9gatives des compressions budg\u00e9taires sur les expositions \u00e0 venir et sur la pr\u00e9servation des art\u00e9facts, entre autres services.<\/p>\n<p>\u00ab\u00a0Nous voulons simplement faire notre travail et nous occuper de notre merveilleuse collection, pas seulement pour nos contemporains, mais pour les g\u00e9n\u00e9rations \u00e0 venir\u00a0\u00bb, a d\u00e9clar\u00e9 un employ\u00e9 du mus\u00e9e. \u00ab\u00a0Nous voulons que les gens am\u00e8nent leurs enfants et que ces derniers reviennent \u00e0 leur tour avec leurs propres enfants pour admirer la m\u00eame formidable collection.\u00a0\u00bb<\/p>\n<p><strong>Ce que vous pouvez faire :<\/strong> communiquez avec Denise Amyot, pr\u00e9sidente-directrice g\u00e9n\u00e9rale de la Soci\u00e9t\u00e9 du Mus\u00e9e des sciences et de la technologie du Canada, et demandez-lui instamment de respecter la Loi sur les mus\u00e9es et notre convention collective. Voici ses coordonn\u00e9es :<a href=\"http:\/\/www.elementnational.com\/damyot@technomuses.ca\">damyot@technomuses.ca<\/a>; 613-993-0775; @damyot (Twitter).<\/p>\n","protected":false},"excerpt":{"rendered":"<p>Jeudi, nos membres se sont rassembl\u00e9s \u00e0 l\u2019ext\u00e9rieur du Mus\u00e9e des sciences et de la technologie du Canada, puis, vendredi, devant le Mus\u00e9e de l\u2019aviation et de l\u2019espace du Canada pour protester contre les compressions budg\u00e9taires dans la fonction publique. \u00c0 peine deux semaines avant No\u00ebl, la Soci\u00e9t\u00e9 des mus\u00e9es de sciences et technologies du &hellip; <\/p>\n<p class=\"link-more\"><a href=\"https:\/\/www.unesen.ca\/press\/?p=619&#038;lang=fr\" class=\"more-link\">>><span class=\"screen-reader-text\"> &#8220;Prot\u00e9geons nos mus\u00e9es!&#8221;<\/span><\/a><\/p>\n","protected":false},"author":3,"featured_media":0,"comment_status":"open","ping_status":"open","sticky":false,"template":"","format":"standard","meta":{"_links_to":"","_links_to_target":""},"categories":[],"tags":[],"_links":{"self":[{"href":"https:\/\/www.unesen.ca\/press\/index.php?rest_route=\/wp\/v2\/posts\/619"}],"collection":[{"href":"https:\/\/www.unesen.ca\/press\/index.php?rest_route=\/wp\/v2\/posts"}],"about":[{"href":"https:\/\/www.unesen.ca\/press\/index.php?rest_route=\/wp\/v2\/types\/post"}],"author":[{"embeddable":true,"href":"https:\/\/www.unesen.ca\/press\/index.php?rest_route=\/wp\/v2\/users\/3"}],"replies":[{"embeddable":true,"href":"https:\/\/www.unesen.ca\/press\/index.php?rest_route=%2Fwp%2Fv2%2Fcomments&post=619"}],"version-history":[{"count":1,"href":"https:\/\/www.unesen.ca\/press\/index.php?rest_route=\/wp\/v2\/posts\/619\/revisions"}],"predecessor-version":[{"id":3562,"href":"https:\/\/www.unesen.ca\/press\/index.php?rest_route=\/wp\/v2\/posts\/619\/revisions\/3562"}],"wp:attachment":[{"href":"https:\/\/www.unesen.ca\/press\/index.php?rest_route=%2Fwp%2Fv2%2Fmedia&parent=619"}],"wp:term":[{"taxonomy":"category","embeddable":true,"href":"https:\/\/www.unesen.ca\/press\/index.php?rest_route=%2Fwp%2Fv2%2Fcategories&post=619"},{"taxonomy":"post_tag","embeddable":true,"href":"https:\/\/www.unesen.ca\/press\/index.php?rest_route=%2Fwp%2Fv2%2Ftags&post=619"}],"curies":[{"name":"wp","href":"https:\/\/api.w.org\/{rel}","templated":true}]}}