{"id":612,"date":"2012-01-04T13:48:51","date_gmt":"2012-01-04T18:48:51","guid":{"rendered":"http:\/\/www.nationalcomponent.com\/press\/?p=612"},"modified":"2014-02-25T19:41:07","modified_gmt":"2014-02-25T19:41:07","slug":"reunion-de-lexecutif-national-en-janvier-2012","status":"publish","type":"post","link":"https:\/\/www.unesen.ca\/press\/?p=612&amp;lang=fr","title":{"rendered":"R\u00e9union de l&#8217;ex\u00e9cutif national en janvier 2012"},"content":{"rendered":"<p><img loading=\"lazy\" class=\"alignnone size-full wp-image-614\" alt=\"R\u00e9union de l'ex\u00e9cutif national en janvier 2012\" src=\"http:\/\/www.une-sen.org\/press\/wp-content\/uploads\/2012\/01\/nat_exec_mtgvV3_f.jpg\" width=\"541\" height=\"360\" srcset=\"https:\/\/www.unesen.ca\/press\/wp-content\/uploads\/2012\/01\/nat_exec_mtgvV3_f.jpg 541w, https:\/\/www.unesen.ca\/press\/wp-content\/uploads\/2012\/01\/nat_exec_mtgvV3_f-300x199.jpg 300w\" sizes=\"(max-width: 541px) 100vw, 541px\" \/><\/p>\n<p>L&#8217;Ex\u00e9cutif national se r\u00e9unira \u00e0 Ottawa du 24 au 26 janvier 2012. La premi\u00e8re session d\u00e9butera \u00e0 9 h dans la salle de conf\u00e9rence du Syndicat des employ\u00e9es et employ\u00e9s nationaux.<\/p>\n<p>Si un membre d\u00e9sire assister \u00e0 la r\u00e9union en tant qu\u2019observatrice ou observateur, il ou elle devra payer toutes leurs d\u00e9penses ou demander \u00e0 sa section locale de couvrir les frais. (Politique CC 8)<\/p>\n<p>Si votre section locale veut faire inscrire un point \u00e0 l\u2019ordre du jour de cette r\u00e9union, veuillez communiquer avec votre Vice-pr\u00e9sidente r\u00e9gionale ou Vice-pr\u00e9sident r\u00e9gional et lui fournir de l\u2019information claire et succincte.<\/p>\n<p><strong>\u00c0 propos de l\u2019Ex\u00e9cutif national<\/strong><br \/>\nL\u2019Ex\u00e9cutif national est responsable des politiques, des programmes et de la direction du Syndicat des employ\u00e9es et employ\u00e9s national. Entre congr\u00e8s, l\u2019ex\u00e9cutif \u00e9labore des politiques qui aident \u00e0 s\u2019occuper et \u00e0 prendre des d\u00e9cisions au sujet de notre syndicat. L\u2019ex\u00e9cutif national se r\u00e9unit trois fois par ann\u00e9e pour passer en revue les activit\u00e9s du syndicat et pour s\u2019assurer que celles-ci correspondent aux d\u00e9sirs des membres.<\/p>\n","protected":false},"excerpt":{"rendered":"<p>L&#8217;Ex\u00e9cutif national se r\u00e9unira \u00e0 Ottawa du 24 au 26 janvier 2012. La premi\u00e8re session d\u00e9butera \u00e0 9 h dans la salle de conf\u00e9rence du Syndicat des employ\u00e9es et employ\u00e9s nationaux. Si un membre d\u00e9sire assister \u00e0 la r\u00e9union en tant qu\u2019observatrice ou observateur, il ou elle devra payer toutes leurs d\u00e9penses ou demander \u00e0 &hellip; <\/p>\n<p class=\"link-more\"><a href=\"https:\/\/www.unesen.ca\/press\/?p=612&#038;lang=fr\" class=\"more-link\">>><span class=\"screen-reader-text\"> &#8220;R\u00e9union de l&#8217;ex\u00e9cutif national en janvier 2012&#8221;<\/span><\/a><\/p>\n","protected":false},"author":3,"featured_media":0,"comment_status":"open","ping_status":"open","sticky":false,"template":"","format":"standard","meta":{"_links_to":"","_links_to_target":""},"categories":[],"tags":[],"_links":{"self":[{"href":"https:\/\/www.unesen.ca\/press\/index.php?rest_route=\/wp\/v2\/posts\/612"}],"collection":[{"href":"https:\/\/www.unesen.ca\/press\/index.php?rest_route=\/wp\/v2\/posts"}],"about":[{"href":"https:\/\/www.unesen.ca\/press\/index.php?rest_route=\/wp\/v2\/types\/post"}],"author":[{"embeddable":true,"href":"https:\/\/www.unesen.ca\/press\/index.php?rest_route=\/wp\/v2\/users\/3"}],"replies":[{"embeddable":true,"href":"https:\/\/www.unesen.ca\/press\/index.php?rest_route=%2Fwp%2Fv2%2Fcomments&post=612"}],"version-history":[{"count":1,"href":"https:\/\/www.unesen.ca\/press\/index.php?rest_route=\/wp\/v2\/posts\/612\/revisions"}],"predecessor-version":[{"id":3563,"href":"https:\/\/www.unesen.ca\/press\/index.php?rest_route=\/wp\/v2\/posts\/612\/revisions\/3563"}],"wp:attachment":[{"href":"https:\/\/www.unesen.ca\/press\/index.php?rest_route=%2Fwp%2Fv2%2Fmedia&parent=612"}],"wp:term":[{"taxonomy":"category","embeddable":true,"href":"https:\/\/www.unesen.ca\/press\/index.php?rest_route=%2Fwp%2Fv2%2Fcategories&post=612"},{"taxonomy":"post_tag","embeddable":true,"href":"https:\/\/www.unesen.ca\/press\/index.php?rest_route=%2Fwp%2Fv2%2Ftags&post=612"}],"curies":[{"name":"wp","href":"https:\/\/api.w.org\/{rel}","templated":true}]}}