{"id":600,"date":"2011-12-14T13:40:10","date_gmt":"2011-12-14T18:40:10","guid":{"rendered":"http:\/\/www.nationalcomponent.com\/press\/?p=600"},"modified":"2014-02-25T19:42:32","modified_gmt":"2014-02-25T19:42:32","slug":"du-nouveau-au-congres-2012-de-lafpc-le-plan-des-membres","status":"publish","type":"post","link":"https:\/\/www.unesen.ca\/press\/?p=600&amp;lang=fr","title":{"rendered":"Du nouveau au Congr\u00e8s 2012 de l\u2019AFPC : le Plan des membres"},"content":{"rendered":"<p><img loading=\"lazy\" class=\"alignnone size-full wp-image-601\" alt=\"Du nouveau au Congr\u00e8s 2012 de l\u2019AFPC : le Plan des membres\" src=\"http:\/\/www.une-sen.org\/press\/wp-content\/uploads\/2012\/03\/psac2012_f_re.jpg\" width=\"541\" height=\"360\" srcset=\"https:\/\/www.unesen.ca\/press\/wp-content\/uploads\/2012\/03\/psac2012_f_re.jpg 541w, https:\/\/www.unesen.ca\/press\/wp-content\/uploads\/2012\/03\/psac2012_f_re-300x199.jpg 300w\" sizes=\"(max-width: 541px) 100vw, 541px\" \/><\/p>\n<p>Le Congr\u00e8s national de l\u2019AFPC a lieu tous les trois ans. Des d\u00e9l\u00e9gu\u00e9s de toutes les sph\u00e8res du syndicat s\u2019y r\u00e9unissent pour d\u00e9lib\u00e9rer des enjeux et d\u00e9terminer l\u2019orientation du syndicat pour les trois ann\u00e9es qui suivent.<\/p>\n<p>Il y aura du nouveau au Congr\u00e8s 2012 de l\u2019AFPC. Pour la premi\u00e8re fois, les congressistes examineront et pourront adopter un \u00ab\u00a0Plan des membres\u00a0\u00bb.<\/p>\n<p><strong>Comment vous pouvez contribuer \u00e0 l\u2019\u00e9laboration du Plan<\/strong><\/p>\n<ul>\n<li>t\u00e9l\u00e9chargez, imprimez et affichez dans votre lieu du travail ce\u00a0<a href=\"http:\/\/www.psac.com\/conventions\/2012\/memberplan_extendedflyer-f.pdf\">d\u00e9pliant sur le Plan des membres<\/a><\/li>\n<li><a href=\"http:\/\/app.fluidsurveys.com\/s\/ourunionourpower\/?l=fra\">remplissez le questionnaire du sondage\u00a0<em>Notre syndicat, notre pouvoir<\/em><\/a> et invitez vos confr\u00e8res et cons\u0153urs du syndicat \u00e0 faire de m\u00eame; la date limite est le 6 janvier.<\/li>\n<li>notez les id\u00e9es qui pourraient enrichir le Plan et inscrivez-les dans\u00a0<a href=\"http:\/\/www.psac.com\/conventions\/2012\/mplan-f.cfm\">le formulaire de r\u00e9troaction\u00a0en ligne<\/a>;<\/li>\n<li>parlez du Plan des membres lors de votre assembl\u00e9e syndicale; n\u2019h\u00e9sitez pas \u00e0 vous servir de\u00a0<a href=\"http:\/\/www.psac.com\/conventions\/2012\/memberplanspeakersnotes-f.pdf\">l\u2019aide-m\u00e9moire<\/a>. La fiche\u00a0<a href=\"http:\/\/www.psac.com\/conventions\/2012\/memberplanqa-f.pdf\">\u00ab\u00a0Questions et r\u00e9ponses\u00a0\u00bb<\/a> vous aidera aussi \u00e0 r\u00e9pondre aux questions.<\/li>\n<li>notez les commentaires et les id\u00e9es concernant le Plan et faites-les parvenir par courriel \u00e0 l\u2019adresse\u00a0<a href=\"mailto:belangs@psac.com\">belangs@psac.com<\/a> ou par t\u00e9l\u00e9copieur au\u00a0\u00a0\u00a0\u00a0\u00a0\u00a0\u00a0\u00a0\u00a0\u00a0\u00a0\u00a0\u00a0613-567-0385\u00a0\u00a0\u00a0\u00a0\u00a0\u00a0. Indiquez la source des id\u00e9es re\u00e7ues (r\u00e9union de section locale, r\u00e9union d\u2019un comit\u00e9 r\u00e9gional, etc.).<\/li>\n<\/ul>\n<p><a href=\"http:\/\/www.psac.com\/conventions\/2012\/memberplan-f.shtml?l=1\">Seizi\u00e8me Congr\u00e8s national triennal de l&#8217;AFPC<\/a><\/p>\n","protected":false},"excerpt":{"rendered":"<p>Le Congr\u00e8s national de l\u2019AFPC a lieu tous les trois ans. Des d\u00e9l\u00e9gu\u00e9s de toutes les sph\u00e8res du syndicat s\u2019y r\u00e9unissent pour d\u00e9lib\u00e9rer des enjeux et d\u00e9terminer l\u2019orientation du syndicat pour les trois ann\u00e9es qui suivent. Il y aura du nouveau au Congr\u00e8s 2012 de l\u2019AFPC. Pour la premi\u00e8re fois, les congressistes examineront et pourront &hellip; <\/p>\n<p class=\"link-more\"><a href=\"https:\/\/www.unesen.ca\/press\/?p=600&#038;lang=fr\" class=\"more-link\">>><span class=\"screen-reader-text\"> &#8220;Du nouveau au Congr\u00e8s 2012 de l\u2019AFPC : le Plan des membres&#8221;<\/span><\/a><\/p>\n","protected":false},"author":3,"featured_media":0,"comment_status":"open","ping_status":"open","sticky":false,"template":"","format":"standard","meta":{"_links_to":"","_links_to_target":""},"categories":[],"tags":[],"_links":{"self":[{"href":"https:\/\/www.unesen.ca\/press\/index.php?rest_route=\/wp\/v2\/posts\/600"}],"collection":[{"href":"https:\/\/www.unesen.ca\/press\/index.php?rest_route=\/wp\/v2\/posts"}],"about":[{"href":"https:\/\/www.unesen.ca\/press\/index.php?rest_route=\/wp\/v2\/types\/post"}],"author":[{"embeddable":true,"href":"https:\/\/www.unesen.ca\/press\/index.php?rest_route=\/wp\/v2\/users\/3"}],"replies":[{"embeddable":true,"href":"https:\/\/www.unesen.ca\/press\/index.php?rest_route=%2Fwp%2Fv2%2Fcomments&post=600"}],"version-history":[{"count":1,"href":"https:\/\/www.unesen.ca\/press\/index.php?rest_route=\/wp\/v2\/posts\/600\/revisions"}],"predecessor-version":[{"id":3566,"href":"https:\/\/www.unesen.ca\/press\/index.php?rest_route=\/wp\/v2\/posts\/600\/revisions\/3566"}],"wp:attachment":[{"href":"https:\/\/www.unesen.ca\/press\/index.php?rest_route=%2Fwp%2Fv2%2Fmedia&parent=600"}],"wp:term":[{"taxonomy":"category","embeddable":true,"href":"https:\/\/www.unesen.ca\/press\/index.php?rest_route=%2Fwp%2Fv2%2Fcategories&post=600"},{"taxonomy":"post_tag","embeddable":true,"href":"https:\/\/www.unesen.ca\/press\/index.php?rest_route=%2Fwp%2Fv2%2Ftags&post=600"}],"curies":[{"name":"wp","href":"https:\/\/api.w.org\/{rel}","templated":true}]}}