{"id":588,"date":"2011-12-15T12:51:00","date_gmt":"2011-12-15T17:51:00","guid":{"rendered":"http:\/\/www.nationalcomponent.com\/press\/?p=588"},"modified":"2014-02-25T19:42:05","modified_gmt":"2014-02-25T19:42:05","slug":"negociations-des-oes","status":"publish","type":"post","link":"https:\/\/www.unesen.ca\/press\/?p=588&amp;lang=fr","title":{"rendered":"N\u00e9gociations des OES"},"content":{"rendered":"<p><img loading=\"lazy\" class=\"alignnone size-full wp-image-590\" alt=\"N\u00e9gociations des OES\" src=\"http:\/\/www.une-sen.org\/press\/wp-content\/uploads\/2012\/03\/SSO_bar_f1.jpg\" width=\"541\" height=\"360\" srcset=\"https:\/\/www.unesen.ca\/press\/wp-content\/uploads\/2012\/03\/SSO_bar_f1.jpg 541w, https:\/\/www.unesen.ca\/press\/wp-content\/uploads\/2012\/03\/SSO_bar_f1-300x199.jpg 300w\" sizes=\"(max-width: 541px) 100vw, 541px\" \/><\/p>\n<p>L\u2019AFPC a pr\u00e9par\u00e9 des cahiers de revendications; Statistiques Canada a 20 jours pour r\u00e9agir.<\/p>\n<p>Le jeudi pass\u00e9, 24 novembre, les \u00e9quipes de n\u00e9gociations de l\u2019AFPC pour les unit\u00e9s Intervieweurs des bureaux r\u00e9gionaux et Intervieweurs sur le terrain ont signifi\u00e9 officiellement leur avis de n\u00e9gocier. Ils doivent r\u00e9pondre dans les 20 jours suivants.<br \/>\nR\u00e9cemment, notre syndicat a r\u00e9ussi \u00e0 obtenir des droits et des protections pour des travailleuses et travailleurs (saisonniers, \u00e0 temps partiel, etc.) qui, par le pass\u00e9, n&#8217;ont jamais b\u00e9n\u00e9fici\u00e9 d\u2019heures de travail garanties.<\/p>\n<p>C\u2019est \u00e0 notre tour. Ensemble, nous pourrons faire des Enqu\u00eates des op\u00e9rations statistiques un endroit o\u00f9 il fait bon travailler.<\/p>\n<p>Si vous avez des questions, veuillez communiquez avec votre repr\u00e9sentant syndical ou un membre de l\u2019\u00e9quipe de n\u00e9gociation. Vous pouvez aussi consulter notre site au\u00a0<a href=\"http:\/\/www.psac.com\/\">www.psac.com<\/a>.<\/p>\n<table border=\"0\" cellspacing=\"0\" cellpadding=\"3\">\n<tbody>\n<tr>\n<td width=\"22\"><img loading=\"lazy\" class=\"alignnone size-full wp-image-266\" alt=\"pdf\" src=\"http:\/\/www.une-sen.org\/press\/wp-content\/uploads\/2012\/03\/pdf.gif\" width=\"18\" height=\"20\" \/><\/td>\n<td width=\"555\">T\u00e9l\u00e9chargez et imprimez\u00a0<a href=\"..featured\/\/news\/SSO_Nov2011.pdf\">ce circulaire bilingue<\/a> &#8211; partagez le avec d&#8217;autres membres!<\/td>\n<\/tr>\n<\/tbody>\n<\/table>\n","protected":false},"excerpt":{"rendered":"<p>L\u2019AFPC a pr\u00e9par\u00e9 des cahiers de revendications; Statistiques Canada a 20 jours pour r\u00e9agir. Le jeudi pass\u00e9, 24 novembre, les \u00e9quipes de n\u00e9gociations de l\u2019AFPC pour les unit\u00e9s Intervieweurs des bureaux r\u00e9gionaux et Intervieweurs sur le terrain ont signifi\u00e9 officiellement leur avis de n\u00e9gocier. Ils doivent r\u00e9pondre dans les 20 jours suivants. R\u00e9cemment, notre syndicat &hellip; <\/p>\n<p class=\"link-more\"><a href=\"https:\/\/www.unesen.ca\/press\/?p=588&#038;lang=fr\" class=\"more-link\">>><span class=\"screen-reader-text\"> &#8220;N\u00e9gociations des OES&#8221;<\/span><\/a><\/p>\n","protected":false},"author":3,"featured_media":0,"comment_status":"open","ping_status":"open","sticky":false,"template":"","format":"standard","meta":{"_links_to":"","_links_to_target":""},"categories":[],"tags":[],"_links":{"self":[{"href":"https:\/\/www.unesen.ca\/press\/index.php?rest_route=\/wp\/v2\/posts\/588"}],"collection":[{"href":"https:\/\/www.unesen.ca\/press\/index.php?rest_route=\/wp\/v2\/posts"}],"about":[{"href":"https:\/\/www.unesen.ca\/press\/index.php?rest_route=\/wp\/v2\/types\/post"}],"author":[{"embeddable":true,"href":"https:\/\/www.unesen.ca\/press\/index.php?rest_route=\/wp\/v2\/users\/3"}],"replies":[{"embeddable":true,"href":"https:\/\/www.unesen.ca\/press\/index.php?rest_route=%2Fwp%2Fv2%2Fcomments&post=588"}],"version-history":[{"count":1,"href":"https:\/\/www.unesen.ca\/press\/index.php?rest_route=\/wp\/v2\/posts\/588\/revisions"}],"predecessor-version":[{"id":3565,"href":"https:\/\/www.unesen.ca\/press\/index.php?rest_route=\/wp\/v2\/posts\/588\/revisions\/3565"}],"wp:attachment":[{"href":"https:\/\/www.unesen.ca\/press\/index.php?rest_route=%2Fwp%2Fv2%2Fmedia&parent=588"}],"wp:term":[{"taxonomy":"category","embeddable":true,"href":"https:\/\/www.unesen.ca\/press\/index.php?rest_route=%2Fwp%2Fv2%2Fcategories&post=588"},{"taxonomy":"post_tag","embeddable":true,"href":"https:\/\/www.unesen.ca\/press\/index.php?rest_route=%2Fwp%2Fv2%2Ftags&post=588"}],"curies":[{"name":"wp","href":"https:\/\/api.w.org\/{rel}","templated":true}]}}