{"id":578,"date":"2011-12-02T12:41:30","date_gmt":"2011-12-02T17:41:30","guid":{"rendered":"http:\/\/www.nationalcomponent.com\/press\/?p=578"},"modified":"2014-02-25T19:43:30","modified_gmt":"2014-02-25T19:43:30","slug":"un-choix-absurde","status":"publish","type":"post","link":"https:\/\/www.unesen.ca\/press\/?p=578&amp;lang=fr","title":{"rendered":"Un choix absurde"},"content":{"rendered":"<p><img loading=\"lazy\" class=\"alignnone size-full wp-image-579\" alt=\"Un choix absurde\" src=\"http:\/\/www.une-sen.org\/press\/wp-content\/uploads\/2012\/03\/thirdchoice_f-01.png\" width=\"541\" height=\"360\" srcset=\"https:\/\/www.unesen.ca\/press\/wp-content\/uploads\/2012\/03\/thirdchoice_f-01.png 541w, https:\/\/www.unesen.ca\/press\/wp-content\/uploads\/2012\/03\/thirdchoice_f-01-300x199.png 300w\" sizes=\"(max-width: 541px) 100vw, 541px\" \/><\/p>\n<p>2 d\u00e9cembre 2011 \u2013 L\u2019AFPC dit qu\u2019aucun \u00e9cureuil g\u00e9ant n&#8217;a \u00e9t\u00e9 bless\u00e9 lors de la cr\u00e9ation de leur nouvelle campagne de m\u00e9dias sociaux. Malheureusement, on ne peut en dire autant des services publics, qui n&#8217;ont pas eu la m\u00eame chance!<\/p>\n<p>\u00ab\u00a0Actuellement, le gouvernement conservateur oblige la population canadienne \u00e0 choisir entre l\u2019\u00e9limination du d\u00e9ficit et de bons services publics\u00a0\u00bb, a \u00e9crit John Gordon, pr\u00e9sident de l&#8217;AFPC, dans un courriel adress\u00e9 aux membres du syndicat. \u00ab\u00a0La campagne Troisi\u00e8me choix\u00a0a pour but de souligner l\u2019absurdit\u00e9 de ce dilemme et d\u2019inciter les Canadiennes et les Canadiens \u00e0 r\u00e9clamer mieux.\u00a0\u00bb<\/p>\n<p>Une vid\u00e9o un peu excentrique a \u00e9t\u00e9 cr\u00e9\u00e9e pour lancer la campagne Troisi\u00e8me choix. La vid\u00e9o circule d\u00e9j\u00e0 largement sur Facebook et Twitter. Elle souligne l&#8217;absurdit\u00e9 du choix qu&#8217;impose le gouvernement entre l&#8217;\u00e9limination du d\u00e9ficit et de bons services sociaux.<\/p>\n<p>Consultez le\u00a0<a href=\"http:\/\/www.troisiemechoix.ca\/\">www.troisiemechoix.ca<\/a> pour voir la vid\u00e9o. N\u2019oubliez pas de la partager sur Facebook et Twitter et d\u2019encourager vos amis \u00e0 faire de m\u00eame.<\/p>\n","protected":false},"excerpt":{"rendered":"<p>2 d\u00e9cembre 2011 \u2013 L\u2019AFPC dit qu\u2019aucun \u00e9cureuil g\u00e9ant n&#8217;a \u00e9t\u00e9 bless\u00e9 lors de la cr\u00e9ation de leur nouvelle campagne de m\u00e9dias sociaux. Malheureusement, on ne peut en dire autant des services publics, qui n&#8217;ont pas eu la m\u00eame chance! \u00ab\u00a0Actuellement, le gouvernement conservateur oblige la population canadienne \u00e0 choisir entre l\u2019\u00e9limination du d\u00e9ficit et &hellip; <\/p>\n<p class=\"link-more\"><a href=\"https:\/\/www.unesen.ca\/press\/?p=578&#038;lang=fr\" class=\"more-link\">>><span class=\"screen-reader-text\"> &#8220;Un choix absurde&#8221;<\/span><\/a><\/p>\n","protected":false},"author":3,"featured_media":0,"comment_status":"open","ping_status":"open","sticky":false,"template":"","format":"standard","meta":{"_links_to":"","_links_to_target":""},"categories":[],"tags":[],"_links":{"self":[{"href":"https:\/\/www.unesen.ca\/press\/index.php?rest_route=\/wp\/v2\/posts\/578"}],"collection":[{"href":"https:\/\/www.unesen.ca\/press\/index.php?rest_route=\/wp\/v2\/posts"}],"about":[{"href":"https:\/\/www.unesen.ca\/press\/index.php?rest_route=\/wp\/v2\/types\/post"}],"author":[{"embeddable":true,"href":"https:\/\/www.unesen.ca\/press\/index.php?rest_route=\/wp\/v2\/users\/3"}],"replies":[{"embeddable":true,"href":"https:\/\/www.unesen.ca\/press\/index.php?rest_route=%2Fwp%2Fv2%2Fcomments&post=578"}],"version-history":[{"count":1,"href":"https:\/\/www.unesen.ca\/press\/index.php?rest_route=\/wp\/v2\/posts\/578\/revisions"}],"predecessor-version":[{"id":3568,"href":"https:\/\/www.unesen.ca\/press\/index.php?rest_route=\/wp\/v2\/posts\/578\/revisions\/3568"}],"wp:attachment":[{"href":"https:\/\/www.unesen.ca\/press\/index.php?rest_route=%2Fwp%2Fv2%2Fmedia&parent=578"}],"wp:term":[{"taxonomy":"category","embeddable":true,"href":"https:\/\/www.unesen.ca\/press\/index.php?rest_route=%2Fwp%2Fv2%2Fcategories&post=578"},{"taxonomy":"post_tag","embeddable":true,"href":"https:\/\/www.unesen.ca\/press\/index.php?rest_route=%2Fwp%2Fv2%2Ftags&post=578"}],"curies":[{"name":"wp","href":"https:\/\/api.w.org\/{rel}","templated":true}]}}